{"id":16686,"date":"2023-10-09T15:42:15","date_gmt":"2023-10-09T18:42:15","guid":{"rendered":"https:\/\/redebeneditina.org.br\/pioxi\/?p=16686"},"modified":"2023-10-09T15:42:15","modified_gmt":"2023-10-09T18:42:15","slug":"visita-do-mascote-pedrinho-as-familias","status":"publish","type":"post","link":"https:\/\/redebeneditina.org.br\/pioxi\/visita-do-mascote-pedrinho-as-familias\/","title":{"rendered":"Visita do Mascote Pedrinho \u00e0s fam\u00edlias"},"content":{"rendered":"<p>Pedrinho visitou todas as fam\u00edlias da turma do Maternal 1 e as crian\u00e7as tiveram a oportunidade de vivenciar momentos especiais com esse amigo que conquistou todos.<\/p>\n<p>Em cada retorno \u00e0 escola, Pedrinho trazia em seu livro de registros muitas fotos. Atrav\u00e9s desses registros fotogr\u00e1ficos, compartilhava com os amigos as experi\u00eancias vividas durante essa visita t\u00e3o especial.<\/p>\n<p>Agradecemos \u00e0s fam\u00edlias pela participa\u00e7\u00e3o nessa atividade.<\/p>\n<p>Confira as fotos:<\/p>\nngg_shortcode_0_placeholder\n","protected":false},"excerpt":{"rendered":"<p>Pedrinho visitou todas as fam\u00edlias da turma do Maternal 1 e as crian\u00e7as tiveram a oportunidade de vivenciar momentos especiais com esse amigo que conquistou todos. Em cada retorno \u00e0 escola, Pedrinho trazia em seu livro de registros muitas fotos. Atrav\u00e9s desses registros fotogr\u00e1ficos, compartilhava com os amigos as experi\u00eancias vividas durante essa visita t\u00e3o&#8230;<\/p>\n","protected":false},"author":4,"featured_media":16687,"comment_status":"closed","ping_status":"closed","sticky":false,"template":"","format":"standard","meta":{"_monsterinsights_skip_tracking":false,"_monsterinsights_sitenote_active":false,"_monsterinsights_sitenote_note":"","_monsterinsights_sitenote_category":0,"ngg_post_thumbnail":0,"footnotes":""},"categories":[84,88,82],"tags":[],"class_list":["post-16686","post","type-post","status-publish","format-standard","has-post-thumbnail","hentry","category-ano-2023","category-ed-infantil","category-noticias"],"_links":{"self":[{"href":"https:\/\/redebeneditina.org.br\/pioxi\/wp-json\/wp\/v2\/posts\/16686","targetHints":{"allow":["GET"]}}],"collection":[{"href":"https:\/\/redebeneditina.org.br\/pioxi\/wp-json\/wp\/v2\/posts"}],"about":[{"href":"https:\/\/redebeneditina.org.br\/pioxi\/wp-json\/wp\/v2\/types\/post"}],"author":[{"embeddable":true,"href":"https:\/\/redebeneditina.org.br\/pioxi\/wp-json\/wp\/v2\/users\/4"}],"replies":[{"embeddable":true,"href":"https:\/\/redebeneditina.org.br\/pioxi\/wp-json\/wp\/v2\/comments?post=16686"}],"version-history":[{"count":0,"href":"https:\/\/redebeneditina.org.br\/pioxi\/wp-json\/wp\/v2\/posts\/16686\/revisions"}],"wp:featuredmedia":[{"embeddable":true,"href":"https:\/\/redebeneditina.org.br\/pioxi\/wp-json\/wp\/v2\/media\/16687"}],"wp:attachment":[{"href":"https:\/\/redebeneditina.org.br\/pioxi\/wp-json\/wp\/v2\/media?parent=16686"}],"wp:term":[{"taxonomy":"category","embeddable":true,"href":"https:\/\/redebeneditina.org.br\/pioxi\/wp-json\/wp\/v2\/categories?post=16686"},{"taxonomy":"post_tag","embeddable":true,"href":"https:\/\/redebeneditina.org.br\/pioxi\/wp-json\/wp\/v2\/tags?post=16686"}],"curies":[{"name":"wp","href":"https:\/\/api.w.org\/{rel}","templated":true}]}}