{"id":16696,"date":"2023-10-09T15:44:34","date_gmt":"2023-10-09T18:44:34","guid":{"rendered":"https:\/\/redebeneditina.org.br\/pioxi\/?p=16696"},"modified":"2023-10-09T15:44:48","modified_gmt":"2023-10-09T18:44:48","slug":"emprovi-feira-de-empreendedorismo-e-projeto-de-vida","status":"publish","type":"post","link":"https:\/\/redebeneditina.org.br\/pioxi\/emprovi-feira-de-empreendedorismo-e-projeto-de-vida\/","title":{"rendered":"EMPROVI &#8211; Feira de Empreendedorismo e Projeto de Vida"},"content":{"rendered":"<p>Representantes da comunidade escolar do Instituto Pio XI fizeram, no dia 29\/09, a entrega do valor arrecadado na EMPROVI &#8211; Feira de Empreendedorismo e Projeto de Vida, que teve como objetivo aplicar o empreendedorismo social.<\/p>\n<p>Toda a verba foi destinada a obras sociais da Institui\u00e7\u00e3o Recanto Feliz.<\/p>\n<p>Agradecemos aos alunos, respons\u00e1veis e professores por terem tornado esse momento poss\u00edvel.<\/p>\n<p>Confira as fotos:<\/p>\nngg_shortcode_0_placeholder\n","protected":false},"excerpt":{"rendered":"<p>Representantes da comunidade escolar do Instituto Pio XI fizeram, no dia 29\/09, a entrega do valor arrecadado na EMPROVI &#8211; Feira de Empreendedorismo e Projeto de Vida, que teve como objetivo aplicar o empreendedorismo social. Toda a verba foi destinada a obras sociais da Institui\u00e7\u00e3o Recanto Feliz. Agradecemos aos alunos, respons\u00e1veis e professores por terem&#8230;<\/p>\n","protected":false},"author":4,"featured_media":16697,"comment_status":"closed","ping_status":"closed","sticky":false,"template":"","format":"standard","meta":{"_monsterinsights_skip_tracking":false,"_monsterinsights_sitenote_active":false,"_monsterinsights_sitenote_note":"","_monsterinsights_sitenote_category":0,"ngg_post_thumbnail":0,"footnotes":""},"categories":[84,88,89,90,91,82],"tags":[],"class_list":["post-16696","post","type-post","status-publish","format-standard","has-post-thumbnail","hentry","category-ano-2023","category-ed-infantil","category-ens-fund_i","category-ens-fund_ii","category-ens-medio","category-noticias"],"_links":{"self":[{"href":"https:\/\/redebeneditina.org.br\/pioxi\/wp-json\/wp\/v2\/posts\/16696","targetHints":{"allow":["GET"]}}],"collection":[{"href":"https:\/\/redebeneditina.org.br\/pioxi\/wp-json\/wp\/v2\/posts"}],"about":[{"href":"https:\/\/redebeneditina.org.br\/pioxi\/wp-json\/wp\/v2\/types\/post"}],"author":[{"embeddable":true,"href":"https:\/\/redebeneditina.org.br\/pioxi\/wp-json\/wp\/v2\/users\/4"}],"replies":[{"embeddable":true,"href":"https:\/\/redebeneditina.org.br\/pioxi\/wp-json\/wp\/v2\/comments?post=16696"}],"version-history":[{"count":0,"href":"https:\/\/redebeneditina.org.br\/pioxi\/wp-json\/wp\/v2\/posts\/16696\/revisions"}],"wp:featuredmedia":[{"embeddable":true,"href":"https:\/\/redebeneditina.org.br\/pioxi\/wp-json\/wp\/v2\/media\/16697"}],"wp:attachment":[{"href":"https:\/\/redebeneditina.org.br\/pioxi\/wp-json\/wp\/v2\/media?parent=16696"}],"wp:term":[{"taxonomy":"category","embeddable":true,"href":"https:\/\/redebeneditina.org.br\/pioxi\/wp-json\/wp\/v2\/categories?post=16696"},{"taxonomy":"post_tag","embeddable":true,"href":"https:\/\/redebeneditina.org.br\/pioxi\/wp-json\/wp\/v2\/tags?post=16696"}],"curies":[{"name":"wp","href":"https:\/\/api.w.org\/{rel}","templated":true}]}}