{"id":16782,"date":"2023-10-19T13:12:48","date_gmt":"2023-10-19T16:12:48","guid":{"rendered":"https:\/\/redebeneditina.org.br\/pioxi\/?p=16782"},"modified":"2023-10-19T13:12:48","modified_gmt":"2023-10-19T16:12:48","slug":"dia-mundial-dos-animais-educacao-infantil","status":"publish","type":"post","link":"https:\/\/redebeneditina.org.br\/pioxi\/dia-mundial-dos-animais-educacao-infantil\/","title":{"rendered":"Dia Mundial dos Animais &#8211; Educa\u00e7\u00e3o Infantil"},"content":{"rendered":"<p>Hoje \u00e9 dia de #TBT e relembramos que no dia 04 de outubro foi comemorado o Dia Mundial dos Animais.<\/p>\n<p>Nessa data, a\u00e7\u00f5es realizadas ressaltam a import\u00e2ncia da preserva\u00e7\u00e3o dos animais e divulgam os seus direitos.<\/p>\n<p>Os alunos da Educa\u00e7\u00e3o Infantil receberam instru\u00e7\u00f5es sobre o cuidado e preserva\u00e7\u00e3o dos animais, realizaram diversas atividades e produziram uma linda viseira.<\/p>\n<p>Confira as fotos:<\/p>\nngg_shortcode_0_placeholder\n","protected":false},"excerpt":{"rendered":"<p>Hoje \u00e9 dia de #TBT e relembramos que no dia 04 de outubro foi comemorado o Dia Mundial dos Animais. Nessa data, a\u00e7\u00f5es realizadas ressaltam a import\u00e2ncia da preserva\u00e7\u00e3o dos animais e divulgam os seus direitos. Os alunos da Educa\u00e7\u00e3o Infantil receberam instru\u00e7\u00f5es sobre o cuidado e preserva\u00e7\u00e3o dos animais, realizaram diversas atividades e produziram&#8230;<\/p>\n","protected":false},"author":4,"featured_media":16788,"comment_status":"closed","ping_status":"closed","sticky":false,"template":"","format":"standard","meta":{"_monsterinsights_skip_tracking":false,"_monsterinsights_sitenote_active":false,"_monsterinsights_sitenote_note":"","_monsterinsights_sitenote_category":0,"ngg_post_thumbnail":0,"footnotes":""},"categories":[84,88,82],"tags":[],"class_list":["post-16782","post","type-post","status-publish","format-standard","has-post-thumbnail","hentry","category-ano-2023","category-ed-infantil","category-noticias"],"_links":{"self":[{"href":"https:\/\/redebeneditina.org.br\/pioxi\/wp-json\/wp\/v2\/posts\/16782","targetHints":{"allow":["GET"]}}],"collection":[{"href":"https:\/\/redebeneditina.org.br\/pioxi\/wp-json\/wp\/v2\/posts"}],"about":[{"href":"https:\/\/redebeneditina.org.br\/pioxi\/wp-json\/wp\/v2\/types\/post"}],"author":[{"embeddable":true,"href":"https:\/\/redebeneditina.org.br\/pioxi\/wp-json\/wp\/v2\/users\/4"}],"replies":[{"embeddable":true,"href":"https:\/\/redebeneditina.org.br\/pioxi\/wp-json\/wp\/v2\/comments?post=16782"}],"version-history":[{"count":0,"href":"https:\/\/redebeneditina.org.br\/pioxi\/wp-json\/wp\/v2\/posts\/16782\/revisions"}],"wp:featuredmedia":[{"embeddable":true,"href":"https:\/\/redebeneditina.org.br\/pioxi\/wp-json\/wp\/v2\/media\/16788"}],"wp:attachment":[{"href":"https:\/\/redebeneditina.org.br\/pioxi\/wp-json\/wp\/v2\/media?parent=16782"}],"wp:term":[{"taxonomy":"category","embeddable":true,"href":"https:\/\/redebeneditina.org.br\/pioxi\/wp-json\/wp\/v2\/categories?post=16782"},{"taxonomy":"post_tag","embeddable":true,"href":"https:\/\/redebeneditina.org.br\/pioxi\/wp-json\/wp\/v2\/tags?post=16782"}],"curies":[{"name":"wp","href":"https:\/\/api.w.org\/{rel}","templated":true}]}}