{"id":17845,"date":"2023-11-23T08:14:06","date_gmt":"2023-11-23T11:14:06","guid":{"rendered":"https:\/\/redebeneditina.org.br\/pioxi\/?p=17845"},"modified":"2023-12-08T15:47:25","modified_gmt":"2023-12-08T18:47:25","slug":"onu-no-pio-xi","status":"publish","type":"post","link":"https:\/\/redebeneditina.org.br\/pioxi\/onu-no-pio-xi\/","title":{"rendered":"ONU no PIO XI"},"content":{"rendered":"<p>Durante um semestre, os alunos da primeira s\u00e9rie do Novo Ensino M\u00e9dio puderam aprofundar seus conhecimentos em \u00e1reas escolhidas por eles: investiga\u00e7\u00e3o forense, com o professor Eduardo, ou argumenta\u00e7\u00e3o, com a professora Waleska.<\/p>\n<p>Nessa semana, durante a realiza\u00e7\u00e3o de uma simula\u00e7\u00e3o diplom\u00e1tica da ONU, projeto que encerra esse ciclo, foi o momento de eles mostrarem suas habilidades, por meio de pesquisas digitais e debates sobre temas importantes para a humanidade.<\/p>\n<p>Confira as fotos:<\/p>\nngg_shortcode_0_placeholder\n","protected":false},"excerpt":{"rendered":"<p>Durante um semestre, os alunos da primeira s\u00e9rie do Novo Ensino M\u00e9dio puderam aprofundar seus conhecimentos em \u00e1reas escolhidas por eles: investiga\u00e7\u00e3o forense, com o professor Eduardo, ou argumenta\u00e7\u00e3o, com a professora Waleska. Nessa semana, durante a realiza\u00e7\u00e3o de uma simula\u00e7\u00e3o diplom\u00e1tica da ONU, projeto que encerra esse ciclo, foi o momento de eles mostrarem&#8230;<\/p>\n","protected":false},"author":4,"featured_media":18719,"comment_status":"closed","ping_status":"closed","sticky":false,"template":"","format":"standard","meta":{"_monsterinsights_skip_tracking":false,"_monsterinsights_sitenote_active":false,"_monsterinsights_sitenote_note":"","_monsterinsights_sitenote_category":0,"ngg_post_thumbnail":0,"footnotes":""},"categories":[84,91,82],"tags":[],"class_list":["post-17845","post","type-post","status-publish","format-standard","has-post-thumbnail","hentry","category-ano-2023","category-ens-medio","category-noticias"],"_links":{"self":[{"href":"https:\/\/redebeneditina.org.br\/pioxi\/wp-json\/wp\/v2\/posts\/17845","targetHints":{"allow":["GET"]}}],"collection":[{"href":"https:\/\/redebeneditina.org.br\/pioxi\/wp-json\/wp\/v2\/posts"}],"about":[{"href":"https:\/\/redebeneditina.org.br\/pioxi\/wp-json\/wp\/v2\/types\/post"}],"author":[{"embeddable":true,"href":"https:\/\/redebeneditina.org.br\/pioxi\/wp-json\/wp\/v2\/users\/4"}],"replies":[{"embeddable":true,"href":"https:\/\/redebeneditina.org.br\/pioxi\/wp-json\/wp\/v2\/comments?post=17845"}],"version-history":[{"count":0,"href":"https:\/\/redebeneditina.org.br\/pioxi\/wp-json\/wp\/v2\/posts\/17845\/revisions"}],"wp:featuredmedia":[{"embeddable":true,"href":"https:\/\/redebeneditina.org.br\/pioxi\/wp-json\/wp\/v2\/media\/18719"}],"wp:attachment":[{"href":"https:\/\/redebeneditina.org.br\/pioxi\/wp-json\/wp\/v2\/media?parent=17845"}],"wp:term":[{"taxonomy":"category","embeddable":true,"href":"https:\/\/redebeneditina.org.br\/pioxi\/wp-json\/wp\/v2\/categories?post=17845"},{"taxonomy":"post_tag","embeddable":true,"href":"https:\/\/redebeneditina.org.br\/pioxi\/wp-json\/wp\/v2\/tags?post=17845"}],"curies":[{"name":"wp","href":"https:\/\/api.w.org\/{rel}","templated":true}]}}