{"id":19349,"date":"2024-02-27T12:51:36","date_gmt":"2024-02-27T15:51:36","guid":{"rendered":"https:\/\/redebeneditina.org.br\/pioxi\/?p=19349"},"modified":"2024-02-27T12:51:36","modified_gmt":"2024-02-27T15:51:36","slug":"sorteio-da-capelinha","status":"publish","type":"post","link":"https:\/\/redebeneditina.org.br\/pioxi\/sorteio-da-capelinha\/","title":{"rendered":"Sorteio da Capelinha"},"content":{"rendered":"<p>Nossos alunos aguardam, ansiosos, o momento do Sorteio da Capelinha.<\/p>\n<p>Hoje, a ora\u00e7\u00e3o das Fundadoras foi feita pelo aluno Gustavo Duarte, da turma EF4B, e a turma sorteada foi a do P1A, que passar\u00e1 a semana com a Capelinha.<\/p>\n<p>Desejamos uma semana muito aben\u00e7oada para todos.<\/p>\n<p><img fetchpriority=\"high\" decoding=\"async\" class=\"alignnone wp-image-19351 size-large\" src=\"https:\/\/redebeneditina.org.br\/pioxi\/wp-content\/uploads\/2024\/02\/2024-capelinha-pioxi-2-705x1024.jpg\" alt=\"\" width=\"705\" height=\"1024\" srcset=\"https:\/\/redebeneditina.org.br\/pioxi\/wp-content\/uploads\/2024\/02\/2024-capelinha-pioxi-2-705x1024.jpg 705w, https:\/\/redebeneditina.org.br\/pioxi\/wp-content\/uploads\/2024\/02\/2024-capelinha-pioxi-2-207x300.jpg 207w, https:\/\/redebeneditina.org.br\/pioxi\/wp-content\/uploads\/2024\/02\/2024-capelinha-pioxi-2-768x1115.jpg 768w, https:\/\/redebeneditina.org.br\/pioxi\/wp-content\/uploads\/2024\/02\/2024-capelinha-pioxi-2.jpg 1024w\" sizes=\"(max-width: 705px) 100vw, 705px\" \/><\/p>\n","protected":false},"excerpt":{"rendered":"<p>Nossos alunos aguardam, ansiosos, o momento do Sorteio da Capelinha. Hoje, a ora\u00e7\u00e3o das Fundadoras foi feita pelo aluno Gustavo Duarte, da turma EF4B, e a turma sorteada foi a do P1A, que passar\u00e1 a semana com a Capelinha. Desejamos uma semana muito aben\u00e7oada para todos.<\/p>\n","protected":false},"author":4,"featured_media":19350,"comment_status":"closed","ping_status":"closed","sticky":false,"template":"","format":"standard","meta":{"_monsterinsights_skip_tracking":false,"_monsterinsights_sitenote_active":false,"_monsterinsights_sitenote_note":"","_monsterinsights_sitenote_category":0,"ngg_post_thumbnail":0,"footnotes":""},"categories":[106,88,89,82,95],"tags":[],"class_list":["post-19349","post","type-post","status-publish","format-standard","has-post-thumbnail","hentry","category-noticia-ano-2024","category-ed-infantil","category-ens-fund_i","category-noticias","category-pastoral-escolar"],"_links":{"self":[{"href":"https:\/\/redebeneditina.org.br\/pioxi\/wp-json\/wp\/v2\/posts\/19349","targetHints":{"allow":["GET"]}}],"collection":[{"href":"https:\/\/redebeneditina.org.br\/pioxi\/wp-json\/wp\/v2\/posts"}],"about":[{"href":"https:\/\/redebeneditina.org.br\/pioxi\/wp-json\/wp\/v2\/types\/post"}],"author":[{"embeddable":true,"href":"https:\/\/redebeneditina.org.br\/pioxi\/wp-json\/wp\/v2\/users\/4"}],"replies":[{"embeddable":true,"href":"https:\/\/redebeneditina.org.br\/pioxi\/wp-json\/wp\/v2\/comments?post=19349"}],"version-history":[{"count":0,"href":"https:\/\/redebeneditina.org.br\/pioxi\/wp-json\/wp\/v2\/posts\/19349\/revisions"}],"wp:featuredmedia":[{"embeddable":true,"href":"https:\/\/redebeneditina.org.br\/pioxi\/wp-json\/wp\/v2\/media\/19350"}],"wp:attachment":[{"href":"https:\/\/redebeneditina.org.br\/pioxi\/wp-json\/wp\/v2\/media?parent=19349"}],"wp:term":[{"taxonomy":"category","embeddable":true,"href":"https:\/\/redebeneditina.org.br\/pioxi\/wp-json\/wp\/v2\/categories?post=19349"},{"taxonomy":"post_tag","embeddable":true,"href":"https:\/\/redebeneditina.org.br\/pioxi\/wp-json\/wp\/v2\/tags?post=19349"}],"curies":[{"name":"wp","href":"https:\/\/api.w.org\/{rel}","templated":true}]}}