{"id":19418,"date":"2024-02-28T15:29:21","date_gmt":"2024-02-28T18:29:21","guid":{"rendered":"https:\/\/redebeneditina.org.br\/pioxi\/?p=19418"},"modified":"2024-02-28T15:29:21","modified_gmt":"2024-02-28T18:29:21","slug":"maternal-2-na-capela","status":"publish","type":"post","link":"https:\/\/redebeneditina.org.br\/pioxi\/maternal-2-na-capela\/","title":{"rendered":"Maternal 2 na capela"},"content":{"rendered":"<p>A turma do maternal 2 foi a capela conhecer nosso melhor amigo Jesus.<\/p>\n<p>Orientados pela professora Carla as crian\u00e7as, &nbsp;cantaram, abra\u00e7aram Jesus e rezaram.<\/p>\n<p>&#8220;Ensina a crian\u00e7a no caminho em que deve andar, e ainda quando for velho, n\u00e3o se desviar\u00e1 dele.\u201dProv\u00e9rbios 22:6.<\/p>\nngg_shortcode_0_placeholder\n","protected":false},"excerpt":{"rendered":"<p>A turma do maternal 2 foi a capela conhecer nosso melhor amigo Jesus. Orientados pela professora Carla as crian\u00e7as, &nbsp;cantaram, abra\u00e7aram Jesus e rezaram. &#8220;Ensina a crian\u00e7a no caminho em que deve andar, e ainda quando for velho, n\u00e3o se desviar\u00e1 dele.\u201dProv\u00e9rbios 22:6. &nbsp;<\/p>\n","protected":false},"author":4,"featured_media":19426,"comment_status":"closed","ping_status":"closed","sticky":false,"template":"","format":"standard","meta":{"_monsterinsights_skip_tracking":false,"_monsterinsights_sitenote_active":false,"_monsterinsights_sitenote_note":"","_monsterinsights_sitenote_category":0,"ngg_post_thumbnail":0,"footnotes":""},"categories":[106,88,82,95],"tags":[],"class_list":["post-19418","post","type-post","status-publish","format-standard","has-post-thumbnail","hentry","category-noticia-ano-2024","category-ed-infantil","category-noticias","category-pastoral-escolar"],"_links":{"self":[{"href":"https:\/\/redebeneditina.org.br\/pioxi\/wp-json\/wp\/v2\/posts\/19418","targetHints":{"allow":["GET"]}}],"collection":[{"href":"https:\/\/redebeneditina.org.br\/pioxi\/wp-json\/wp\/v2\/posts"}],"about":[{"href":"https:\/\/redebeneditina.org.br\/pioxi\/wp-json\/wp\/v2\/types\/post"}],"author":[{"embeddable":true,"href":"https:\/\/redebeneditina.org.br\/pioxi\/wp-json\/wp\/v2\/users\/4"}],"replies":[{"embeddable":true,"href":"https:\/\/redebeneditina.org.br\/pioxi\/wp-json\/wp\/v2\/comments?post=19418"}],"version-history":[{"count":0,"href":"https:\/\/redebeneditina.org.br\/pioxi\/wp-json\/wp\/v2\/posts\/19418\/revisions"}],"wp:featuredmedia":[{"embeddable":true,"href":"https:\/\/redebeneditina.org.br\/pioxi\/wp-json\/wp\/v2\/media\/19426"}],"wp:attachment":[{"href":"https:\/\/redebeneditina.org.br\/pioxi\/wp-json\/wp\/v2\/media?parent=19418"}],"wp:term":[{"taxonomy":"category","embeddable":true,"href":"https:\/\/redebeneditina.org.br\/pioxi\/wp-json\/wp\/v2\/categories?post=19418"},{"taxonomy":"post_tag","embeddable":true,"href":"https:\/\/redebeneditina.org.br\/pioxi\/wp-json\/wp\/v2\/tags?post=19418"}],"curies":[{"name":"wp","href":"https:\/\/api.w.org\/{rel}","templated":true}]}}