{"id":19432,"date":"2024-02-29T16:50:12","date_gmt":"2024-02-29T19:50:12","guid":{"rendered":"https:\/\/redebeneditina.org.br\/pioxi\/?p=19432"},"modified":"2024-02-29T16:50:12","modified_gmt":"2024-02-29T19:50:12","slug":"concurso-canguru-de-matematica-2024","status":"publish","type":"post","link":"https:\/\/redebeneditina.org.br\/pioxi\/concurso-canguru-de-matematica-2024\/","title":{"rendered":"Concurso Canguru de Matem\u00e1tica 2024"},"content":{"rendered":"<p>\u00c9 com alegria que informamos que a nossa escola participar\u00e1 do Concurso Canguru de Matem\u00e1tica 2024.<\/p>\n<p>Uma oportunidade \u00fanica para explorar a matem\u00e1tica de forma divertida e desafiadora!<\/p>\n<p>A prova ocorrer\u00e1 no dia 01\/04\/24, on-line.<\/p>\n<p>Fiquem atentos \u00e0s informa\u00e7\u00f5es enviadas pelos alunos (do EF3 ao Novo Ensino M\u00e9dio).<\/p>\n<p>Contamos com a participa\u00e7\u00e3o de todos!!!<\/p>\n","protected":false},"excerpt":{"rendered":"<p>\u00c9 com alegria que informamos que a nossa escola participar\u00e1 do Concurso Canguru de Matem\u00e1tica 2024. Uma oportunidade \u00fanica para explorar a matem\u00e1tica de forma divertida e desafiadora! A prova ocorrer\u00e1 no dia 01\/04\/24, on-line. Fiquem atentos \u00e0s informa\u00e7\u00f5es enviadas pelos alunos (do EF3 ao Novo Ensino M\u00e9dio). Contamos com a participa\u00e7\u00e3o de todos!!!<\/p>\n","protected":false},"author":4,"featured_media":19433,"comment_status":"closed","ping_status":"closed","sticky":false,"template":"","format":"standard","meta":{"_monsterinsights_skip_tracking":false,"_monsterinsights_sitenote_active":false,"_monsterinsights_sitenote_note":"","_monsterinsights_sitenote_category":0,"ngg_post_thumbnail":0,"footnotes":""},"categories":[106,89,90,91,82],"tags":[],"class_list":["post-19432","post","type-post","status-publish","format-standard","has-post-thumbnail","hentry","category-noticia-ano-2024","category-ens-fund_i","category-ens-fund_ii","category-ens-medio","category-noticias"],"_links":{"self":[{"href":"https:\/\/redebeneditina.org.br\/pioxi\/wp-json\/wp\/v2\/posts\/19432","targetHints":{"allow":["GET"]}}],"collection":[{"href":"https:\/\/redebeneditina.org.br\/pioxi\/wp-json\/wp\/v2\/posts"}],"about":[{"href":"https:\/\/redebeneditina.org.br\/pioxi\/wp-json\/wp\/v2\/types\/post"}],"author":[{"embeddable":true,"href":"https:\/\/redebeneditina.org.br\/pioxi\/wp-json\/wp\/v2\/users\/4"}],"replies":[{"embeddable":true,"href":"https:\/\/redebeneditina.org.br\/pioxi\/wp-json\/wp\/v2\/comments?post=19432"}],"version-history":[{"count":0,"href":"https:\/\/redebeneditina.org.br\/pioxi\/wp-json\/wp\/v2\/posts\/19432\/revisions"}],"wp:featuredmedia":[{"embeddable":true,"href":"https:\/\/redebeneditina.org.br\/pioxi\/wp-json\/wp\/v2\/media\/19433"}],"wp:attachment":[{"href":"https:\/\/redebeneditina.org.br\/pioxi\/wp-json\/wp\/v2\/media?parent=19432"}],"wp:term":[{"taxonomy":"category","embeddable":true,"href":"https:\/\/redebeneditina.org.br\/pioxi\/wp-json\/wp\/v2\/categories?post=19432"},{"taxonomy":"post_tag","embeddable":true,"href":"https:\/\/redebeneditina.org.br\/pioxi\/wp-json\/wp\/v2\/tags?post=19432"}],"curies":[{"name":"wp","href":"https:\/\/api.w.org\/{rel}","templated":true}]}}