{"id":19491,"date":"2024-03-08T15:03:10","date_gmt":"2024-03-08T18:03:10","guid":{"rendered":"https:\/\/redebeneditina.org.br\/pioxi\/?p=19491"},"modified":"2024-03-08T15:03:47","modified_gmt":"2024-03-08T18:03:47","slug":"campanha-da-fraternidade-2024","status":"publish","type":"post","link":"https:\/\/redebeneditina.org.br\/pioxi\/campanha-da-fraternidade-2024\/","title":{"rendered":"Campanha da Fraternidade 2024"},"content":{"rendered":"<p>A Campanha da Fraternidade (CF) de 2024 tem como tema: \u201cFraternidade e Amizade Social\u201d e o lema: \u201cV\u00f3s sois todos irm\u00e3os e irm\u00e3s\u201d (Mt. 23, 8). Estes tema e lema foram escolhidos pelo Conselho Permanente da Confer\u00eancia Nacional dos Bispos do Brasil (CNBB), em novembro de 2022.<\/p>\n<p>De acordo com o bispo auxiliar da arquidiocese de Bras\u00edlia e secret\u00e1rio-geral da CNBB, dom Ricardo Hoepers, o tema e o lema da Campanha da Fraternidade 2024 refletem a preocupa\u00e7\u00e3o do episcopado brasileiro em aprofundar a fraternidade como contraponto ao processo de divis\u00e3o, \u00f3dio, guerras e indiferen\u00e7a que tem marcado sociedade brasileira e o mundo.<\/p>\n<p>A Pastoral Escolar do Instituto Pio XI realizou com os alunos do Maternal 2 ao Novo Ensino M\u00e9dio a abertura da CF 2024 nos dias 29\/02 e 01\/03.<\/p>\n<p>Que possamos, juntos, experimentar a fraternidade e a amizade todos os dias.<\/p>\nngg_shortcode_0_placeholder\n","protected":false},"excerpt":{"rendered":"<p>A Campanha da Fraternidade (CF) de 2024 tem como tema: \u201cFraternidade e Amizade Social\u201d e o lema: \u201cV\u00f3s sois todos irm\u00e3os e irm\u00e3s\u201d (Mt. 23, 8). Estes tema e lema foram escolhidos pelo Conselho Permanente da Confer\u00eancia Nacional dos Bispos do Brasil (CNBB), em novembro de 2022. De acordo com o bispo auxiliar da arquidiocese&#8230;<\/p>\n","protected":false},"author":4,"featured_media":19503,"comment_status":"closed","ping_status":"closed","sticky":false,"template":"","format":"standard","meta":{"_monsterinsights_skip_tracking":false,"_monsterinsights_sitenote_active":false,"_monsterinsights_sitenote_note":"","_monsterinsights_sitenote_category":0,"ngg_post_thumbnail":0,"footnotes":""},"categories":[106,88,89,90,91,82,95],"tags":[],"class_list":["post-19491","post","type-post","status-publish","format-standard","has-post-thumbnail","hentry","category-noticia-ano-2024","category-ed-infantil","category-ens-fund_i","category-ens-fund_ii","category-ens-medio","category-noticias","category-pastoral-escolar"],"_links":{"self":[{"href":"https:\/\/redebeneditina.org.br\/pioxi\/wp-json\/wp\/v2\/posts\/19491","targetHints":{"allow":["GET"]}}],"collection":[{"href":"https:\/\/redebeneditina.org.br\/pioxi\/wp-json\/wp\/v2\/posts"}],"about":[{"href":"https:\/\/redebeneditina.org.br\/pioxi\/wp-json\/wp\/v2\/types\/post"}],"author":[{"embeddable":true,"href":"https:\/\/redebeneditina.org.br\/pioxi\/wp-json\/wp\/v2\/users\/4"}],"replies":[{"embeddable":true,"href":"https:\/\/redebeneditina.org.br\/pioxi\/wp-json\/wp\/v2\/comments?post=19491"}],"version-history":[{"count":0,"href":"https:\/\/redebeneditina.org.br\/pioxi\/wp-json\/wp\/v2\/posts\/19491\/revisions"}],"wp:featuredmedia":[{"embeddable":true,"href":"https:\/\/redebeneditina.org.br\/pioxi\/wp-json\/wp\/v2\/media\/19503"}],"wp:attachment":[{"href":"https:\/\/redebeneditina.org.br\/pioxi\/wp-json\/wp\/v2\/media?parent=19491"}],"wp:term":[{"taxonomy":"category","embeddable":true,"href":"https:\/\/redebeneditina.org.br\/pioxi\/wp-json\/wp\/v2\/categories?post=19491"},{"taxonomy":"post_tag","embeddable":true,"href":"https:\/\/redebeneditina.org.br\/pioxi\/wp-json\/wp\/v2\/tags?post=19491"}],"curies":[{"name":"wp","href":"https:\/\/api.w.org\/{rel}","templated":true}]}}