{"id":19525,"date":"2024-03-08T15:10:29","date_gmt":"2024-03-08T18:10:29","guid":{"rendered":"https:\/\/redebeneditina.org.br\/pioxi\/?p=19525"},"modified":"2024-03-08T15:10:29","modified_gmt":"2024-03-08T18:10:29","slug":"sala-de-matematica-em","status":"publish","type":"post","link":"https:\/\/redebeneditina.org.br\/pioxi\/sala-de-matematica-em\/","title":{"rendered":"Sala de Matem\u00e1tica &#8211; EM"},"content":{"rendered":"<p>A turma NE3B, acompanhada pelo professor F\u00e1bio, esteve na Sala de Matem\u00e1tica para fazer uma atividade diferenciada: resolver o desafio dos amigos.<\/p>\n<p>O objetivo foi apresentar o conte\u00fado aos alunos de uma maneira inovadora e divertida.<\/p>\nngg_shortcode_0_placeholder\n","protected":false},"excerpt":{"rendered":"<p>A turma NE3B, acompanhada pelo professor F\u00e1bio, esteve na Sala de Matem\u00e1tica para fazer uma atividade diferenciada: resolver o desafio dos amigos. O objetivo foi apresentar o conte\u00fado aos alunos de uma maneira inovadora e divertida. &nbsp;<\/p>\n","protected":false},"author":4,"featured_media":19533,"comment_status":"closed","ping_status":"closed","sticky":false,"template":"","format":"standard","meta":{"_monsterinsights_skip_tracking":false,"_monsterinsights_sitenote_active":false,"_monsterinsights_sitenote_note":"","_monsterinsights_sitenote_category":0,"ngg_post_thumbnail":0,"footnotes":""},"categories":[106,91,82],"tags":[],"class_list":["post-19525","post","type-post","status-publish","format-standard","has-post-thumbnail","hentry","category-noticia-ano-2024","category-ens-medio","category-noticias"],"_links":{"self":[{"href":"https:\/\/redebeneditina.org.br\/pioxi\/wp-json\/wp\/v2\/posts\/19525","targetHints":{"allow":["GET"]}}],"collection":[{"href":"https:\/\/redebeneditina.org.br\/pioxi\/wp-json\/wp\/v2\/posts"}],"about":[{"href":"https:\/\/redebeneditina.org.br\/pioxi\/wp-json\/wp\/v2\/types\/post"}],"author":[{"embeddable":true,"href":"https:\/\/redebeneditina.org.br\/pioxi\/wp-json\/wp\/v2\/users\/4"}],"replies":[{"embeddable":true,"href":"https:\/\/redebeneditina.org.br\/pioxi\/wp-json\/wp\/v2\/comments?post=19525"}],"version-history":[{"count":0,"href":"https:\/\/redebeneditina.org.br\/pioxi\/wp-json\/wp\/v2\/posts\/19525\/revisions"}],"wp:featuredmedia":[{"embeddable":true,"href":"https:\/\/redebeneditina.org.br\/pioxi\/wp-json\/wp\/v2\/media\/19533"}],"wp:attachment":[{"href":"https:\/\/redebeneditina.org.br\/pioxi\/wp-json\/wp\/v2\/media?parent=19525"}],"wp:term":[{"taxonomy":"category","embeddable":true,"href":"https:\/\/redebeneditina.org.br\/pioxi\/wp-json\/wp\/v2\/categories?post=19525"},{"taxonomy":"post_tag","embeddable":true,"href":"https:\/\/redebeneditina.org.br\/pioxi\/wp-json\/wp\/v2\/tags?post=19525"}],"curies":[{"name":"wp","href":"https:\/\/api.w.org\/{rel}","templated":true}]}}