{"id":19637,"date":"2024-03-15T15:16:00","date_gmt":"2024-03-15T18:16:00","guid":{"rendered":"https:\/\/redebeneditina.org.br\/pioxi\/?p=19637"},"modified":"2024-03-15T15:16:00","modified_gmt":"2024-03-15T18:16:00","slug":"escrita-do-nome-pre-1","status":"publish","type":"post","link":"https:\/\/redebeneditina.org.br\/pioxi\/escrita-do-nome-pre-1\/","title":{"rendered":"Escrita do nome &#8211; Pr\u00e9 1"},"content":{"rendered":"<p>Os alunos do Pr\u00e9 1, orientados pela professora Gabriella, est\u00e3o aprendendo a escrita do nome.<\/p>\n<p>Atrav\u00e9s de m\u00fasicas e atividades l\u00fadicas, essa turminha est\u00e1 se desempenhando e caprichando. Como proposta pedag\u00f3gica, ganharam ficha m\u00e1gica do nome. Com a parceira das fam\u00edlias, os alunos est\u00e3o treinando a movimenta\u00e7\u00e3o da escrita do nome em casa e na sala de aula. Est\u00e1 sensacional!<\/p>\nngg_shortcode_0_placeholder\n","protected":false},"excerpt":{"rendered":"<p>Os alunos do Pr\u00e9 1, orientados pela professora Gabriella, est\u00e3o aprendendo a escrita do nome. Atrav\u00e9s de m\u00fasicas e atividades l\u00fadicas, essa turminha est\u00e1 se desempenhando e caprichando. Como proposta pedag\u00f3gica, ganharam ficha m\u00e1gica do nome. Com a parceira das fam\u00edlias, os alunos est\u00e3o treinando a movimenta\u00e7\u00e3o da escrita do nome em casa e na&#8230;<\/p>\n","protected":false},"author":4,"featured_media":19649,"comment_status":"closed","ping_status":"closed","sticky":false,"template":"","format":"standard","meta":{"_monsterinsights_skip_tracking":false,"_monsterinsights_sitenote_active":false,"_monsterinsights_sitenote_note":"","_monsterinsights_sitenote_category":0,"ngg_post_thumbnail":0,"footnotes":""},"categories":[106,88,82],"tags":[],"class_list":["post-19637","post","type-post","status-publish","format-standard","has-post-thumbnail","hentry","category-noticia-ano-2024","category-ed-infantil","category-noticias"],"_links":{"self":[{"href":"https:\/\/redebeneditina.org.br\/pioxi\/wp-json\/wp\/v2\/posts\/19637","targetHints":{"allow":["GET"]}}],"collection":[{"href":"https:\/\/redebeneditina.org.br\/pioxi\/wp-json\/wp\/v2\/posts"}],"about":[{"href":"https:\/\/redebeneditina.org.br\/pioxi\/wp-json\/wp\/v2\/types\/post"}],"author":[{"embeddable":true,"href":"https:\/\/redebeneditina.org.br\/pioxi\/wp-json\/wp\/v2\/users\/4"}],"replies":[{"embeddable":true,"href":"https:\/\/redebeneditina.org.br\/pioxi\/wp-json\/wp\/v2\/comments?post=19637"}],"version-history":[{"count":0,"href":"https:\/\/redebeneditina.org.br\/pioxi\/wp-json\/wp\/v2\/posts\/19637\/revisions"}],"wp:featuredmedia":[{"embeddable":true,"href":"https:\/\/redebeneditina.org.br\/pioxi\/wp-json\/wp\/v2\/media\/19649"}],"wp:attachment":[{"href":"https:\/\/redebeneditina.org.br\/pioxi\/wp-json\/wp\/v2\/media?parent=19637"}],"wp:term":[{"taxonomy":"category","embeddable":true,"href":"https:\/\/redebeneditina.org.br\/pioxi\/wp-json\/wp\/v2\/categories?post=19637"},{"taxonomy":"post_tag","embeddable":true,"href":"https:\/\/redebeneditina.org.br\/pioxi\/wp-json\/wp\/v2\/tags?post=19637"}],"curies":[{"name":"wp","href":"https:\/\/api.w.org\/{rel}","templated":true}]}}