{"id":19651,"date":"2024-03-15T15:17:37","date_gmt":"2024-03-15T18:17:37","guid":{"rendered":"https:\/\/redebeneditina.org.br\/pioxi\/?p=19651"},"modified":"2024-03-15T15:17:37","modified_gmt":"2024-03-15T18:17:37","slug":"os-monstrinhos-das-vogais-pre-2","status":"publish","type":"post","link":"https:\/\/redebeneditina.org.br\/pioxi\/os-monstrinhos-das-vogais-pre-2\/","title":{"rendered":"Os Monstrinhos das vogais &#8211; Pr\u00e9 2"},"content":{"rendered":"<p>A turma do Pr\u00e9 2 orientada pela professora Luciane participou da atividade &#8220;Os Monstrinhos das vogais&#8221;.<\/p>\n<p>Essa atividade l\u00fadica teve como objetivo principal fazer uma revis\u00e3o das vogais em letra bast\u00e3o e cursiva e estimular a aten\u00e7\u00e3o sobre o som das vogais que iniciam cada palavra.<\/p>\n<p>As crian\u00e7as passaram por um circuito, alimentaram os mostrinhos e ao final fizeram o registro escrito de cada vogal.<\/p>\n<p>O Pr\u00e9 2 est\u00e1 de parab\u00e9ns, pois realizou a atividade com muito sucesso!<\/p>\nngg_shortcode_0_placeholder\n","protected":false},"excerpt":{"rendered":"<p>A turma do Pr\u00e9 2 orientada pela professora Luciane participou da atividade &#8220;Os Monstrinhos das vogais&#8221;. Essa atividade l\u00fadica teve como objetivo principal fazer uma revis\u00e3o das vogais em letra bast\u00e3o e cursiva e estimular a aten\u00e7\u00e3o sobre o som das vogais que iniciam cada palavra. As crian\u00e7as passaram por um circuito, alimentaram os mostrinhos&#8230;<\/p>\n","protected":false},"author":4,"featured_media":19662,"comment_status":"closed","ping_status":"closed","sticky":false,"template":"","format":"standard","meta":{"_monsterinsights_skip_tracking":false,"_monsterinsights_sitenote_active":false,"_monsterinsights_sitenote_note":"","_monsterinsights_sitenote_category":0,"ngg_post_thumbnail":0,"footnotes":""},"categories":[106,88,82],"tags":[],"class_list":["post-19651","post","type-post","status-publish","format-standard","has-post-thumbnail","hentry","category-noticia-ano-2024","category-ed-infantil","category-noticias"],"_links":{"self":[{"href":"https:\/\/redebeneditina.org.br\/pioxi\/wp-json\/wp\/v2\/posts\/19651","targetHints":{"allow":["GET"]}}],"collection":[{"href":"https:\/\/redebeneditina.org.br\/pioxi\/wp-json\/wp\/v2\/posts"}],"about":[{"href":"https:\/\/redebeneditina.org.br\/pioxi\/wp-json\/wp\/v2\/types\/post"}],"author":[{"embeddable":true,"href":"https:\/\/redebeneditina.org.br\/pioxi\/wp-json\/wp\/v2\/users\/4"}],"replies":[{"embeddable":true,"href":"https:\/\/redebeneditina.org.br\/pioxi\/wp-json\/wp\/v2\/comments?post=19651"}],"version-history":[{"count":0,"href":"https:\/\/redebeneditina.org.br\/pioxi\/wp-json\/wp\/v2\/posts\/19651\/revisions"}],"wp:featuredmedia":[{"embeddable":true,"href":"https:\/\/redebeneditina.org.br\/pioxi\/wp-json\/wp\/v2\/media\/19662"}],"wp:attachment":[{"href":"https:\/\/redebeneditina.org.br\/pioxi\/wp-json\/wp\/v2\/media?parent=19651"}],"wp:term":[{"taxonomy":"category","embeddable":true,"href":"https:\/\/redebeneditina.org.br\/pioxi\/wp-json\/wp\/v2\/categories?post=19651"},{"taxonomy":"post_tag","embeddable":true,"href":"https:\/\/redebeneditina.org.br\/pioxi\/wp-json\/wp\/v2\/tags?post=19651"}],"curies":[{"name":"wp","href":"https:\/\/api.w.org\/{rel}","templated":true}]}}