{"id":19687,"date":"2024-03-15T15:54:24","date_gmt":"2024-03-15T18:54:24","guid":{"rendered":"https:\/\/redebeneditina.org.br\/pioxi\/?p=19687"},"modified":"2024-03-15T15:54:24","modified_gmt":"2024-03-15T18:54:24","slug":"aniversario-do-instituto-pio-xi","status":"publish","type":"post","link":"https:\/\/redebeneditina.org.br\/pioxi\/aniversario-do-instituto-pio-xi\/","title":{"rendered":"Anivers\u00e1rio do Instituto Pio XI"},"content":{"rendered":"<p>Vem a\u00ed o anivers\u00e1rio do Instituto Pio XI!<\/p>\n<p>Dia 16\/03, s\u00e1bado, a partir das 10h.<\/p>\n<p>Venha comemorar conosco.<\/p>\n<p>Informa\u00e7\u00f5es na Agenda Edu.<\/p>\n<p>Confira os convites em nosso Instagram:<\/p>\n<p><a href=\"https:\/\/www.instagram.com\/p\/C4dsjmHgXER\/\">https:\/\/www.instagram.com\/p\/C4dsjmHgXER\/<\/a><\/p>\n<p><a href=\"https:\/\/www.instagram.com\/p\/C4YO1ddgS9N\/\">https:\/\/www.instagram.com\/p\/C4YO1ddgS9N\/<\/a><\/p>\n<p>&nbsp;<\/p>\n<p>&nbsp;<\/p>\n","protected":false},"excerpt":{"rendered":"<p>Vem a\u00ed o anivers\u00e1rio do Instituto Pio XI! Dia 16\/03, s\u00e1bado, a partir das 10h. Venha comemorar conosco. Informa\u00e7\u00f5es na Agenda Edu. Confira os convites em nosso Instagram: https:\/\/www.instagram.com\/p\/C4dsjmHgXER\/ https:\/\/www.instagram.com\/p\/C4YO1ddgS9N\/ &nbsp; &nbsp;<\/p>\n","protected":false},"author":4,"featured_media":19688,"comment_status":"closed","ping_status":"closed","sticky":false,"template":"","format":"standard","meta":{"_monsterinsights_skip_tracking":false,"_monsterinsights_sitenote_active":false,"_monsterinsights_sitenote_note":"","_monsterinsights_sitenote_category":0,"ngg_post_thumbnail":0,"footnotes":""},"categories":[106,88,89,90,91,82],"tags":[],"class_list":["post-19687","post","type-post","status-publish","format-standard","has-post-thumbnail","hentry","category-noticia-ano-2024","category-ed-infantil","category-ens-fund_i","category-ens-fund_ii","category-ens-medio","category-noticias"],"_links":{"self":[{"href":"https:\/\/redebeneditina.org.br\/pioxi\/wp-json\/wp\/v2\/posts\/19687","targetHints":{"allow":["GET"]}}],"collection":[{"href":"https:\/\/redebeneditina.org.br\/pioxi\/wp-json\/wp\/v2\/posts"}],"about":[{"href":"https:\/\/redebeneditina.org.br\/pioxi\/wp-json\/wp\/v2\/types\/post"}],"author":[{"embeddable":true,"href":"https:\/\/redebeneditina.org.br\/pioxi\/wp-json\/wp\/v2\/users\/4"}],"replies":[{"embeddable":true,"href":"https:\/\/redebeneditina.org.br\/pioxi\/wp-json\/wp\/v2\/comments?post=19687"}],"version-history":[{"count":0,"href":"https:\/\/redebeneditina.org.br\/pioxi\/wp-json\/wp\/v2\/posts\/19687\/revisions"}],"wp:featuredmedia":[{"embeddable":true,"href":"https:\/\/redebeneditina.org.br\/pioxi\/wp-json\/wp\/v2\/media\/19688"}],"wp:attachment":[{"href":"https:\/\/redebeneditina.org.br\/pioxi\/wp-json\/wp\/v2\/media?parent=19687"}],"wp:term":[{"taxonomy":"category","embeddable":true,"href":"https:\/\/redebeneditina.org.br\/pioxi\/wp-json\/wp\/v2\/categories?post=19687"},{"taxonomy":"post_tag","embeddable":true,"href":"https:\/\/redebeneditina.org.br\/pioxi\/wp-json\/wp\/v2\/tags?post=19687"}],"curies":[{"name":"wp","href":"https:\/\/api.w.org\/{rel}","templated":true}]}}