{"id":20248,"date":"2024-04-19T17:49:05","date_gmt":"2024-04-19T20:49:05","guid":{"rendered":"https:\/\/redebeneditina.org.br\/pioxi\/?p=20248"},"modified":"2024-04-19T17:49:05","modified_gmt":"2024-04-19T20:49:05","slug":"vencedora-do-concurso-da-logomarca-da-pastoral-escolar","status":"publish","type":"post","link":"https:\/\/redebeneditina.org.br\/pioxi\/vencedora-do-concurso-da-logomarca-da-pastoral-escolar\/","title":{"rendered":"Vencedora do concurso da logomarca da Pastoral Escolar"},"content":{"rendered":"<p>Hoje, a nossa aluna Liana Cabral, da turma NE2B, foi contemplada com o pr\u00eamio UCI Gift Certificate. Ela foi a vencedora do concurso para a cria\u00e7\u00e3o da logomarca da Pastoral Escolar do Instituto Pio XI.<br \/>\nAgradecemos e parabenizamos todos os alunos que participaram do concurso.<\/p>\n<p><img fetchpriority=\"high\" decoding=\"async\" class=\"alignnone size-full wp-image-20249\" src=\"https:\/\/redebeneditina.org.br\/pioxi\/wp-content\/uploads\/2024\/04\/past-escolar-logomarca-pioxi.jpeg\" alt=\"\" width=\"1080\" height=\"1080\" srcset=\"https:\/\/redebeneditina.org.br\/pioxi\/wp-content\/uploads\/2024\/04\/past-escolar-logomarca-pioxi.jpeg 1080w, https:\/\/redebeneditina.org.br\/pioxi\/wp-content\/uploads\/2024\/04\/past-escolar-logomarca-pioxi-300x300.jpeg 300w, https:\/\/redebeneditina.org.br\/pioxi\/wp-content\/uploads\/2024\/04\/past-escolar-logomarca-pioxi-1024x1024.jpeg 1024w, https:\/\/redebeneditina.org.br\/pioxi\/wp-content\/uploads\/2024\/04\/past-escolar-logomarca-pioxi-150x150.jpeg 150w, https:\/\/redebeneditina.org.br\/pioxi\/wp-content\/uploads\/2024\/04\/past-escolar-logomarca-pioxi-768x768.jpeg 768w\" sizes=\"(max-width: 1080px) 100vw, 1080px\" \/><\/p>\n","protected":false},"excerpt":{"rendered":"<p>Hoje, a nossa aluna Liana Cabral, da turma NE2B, foi contemplada com o pr\u00eamio UCI Gift Certificate. Ela foi a vencedora do concurso para a cria\u00e7\u00e3o da logomarca da Pastoral Escolar do Instituto Pio XI. Agradecemos e parabenizamos todos os alunos que participaram do concurso.<\/p>\n","protected":false},"author":4,"featured_media":20250,"comment_status":"closed","ping_status":"closed","sticky":false,"template":"","format":"standard","meta":{"_monsterinsights_skip_tracking":false,"_monsterinsights_sitenote_active":false,"_monsterinsights_sitenote_note":"","_monsterinsights_sitenote_category":0,"ngg_post_thumbnail":0,"footnotes":""},"categories":[106,88,89,90,91,82,95],"tags":[],"class_list":["post-20248","post","type-post","status-publish","format-standard","has-post-thumbnail","hentry","category-noticia-ano-2024","category-ed-infantil","category-ens-fund_i","category-ens-fund_ii","category-ens-medio","category-noticias","category-pastoral-escolar"],"_links":{"self":[{"href":"https:\/\/redebeneditina.org.br\/pioxi\/wp-json\/wp\/v2\/posts\/20248","targetHints":{"allow":["GET"]}}],"collection":[{"href":"https:\/\/redebeneditina.org.br\/pioxi\/wp-json\/wp\/v2\/posts"}],"about":[{"href":"https:\/\/redebeneditina.org.br\/pioxi\/wp-json\/wp\/v2\/types\/post"}],"author":[{"embeddable":true,"href":"https:\/\/redebeneditina.org.br\/pioxi\/wp-json\/wp\/v2\/users\/4"}],"replies":[{"embeddable":true,"href":"https:\/\/redebeneditina.org.br\/pioxi\/wp-json\/wp\/v2\/comments?post=20248"}],"version-history":[{"count":0,"href":"https:\/\/redebeneditina.org.br\/pioxi\/wp-json\/wp\/v2\/posts\/20248\/revisions"}],"wp:featuredmedia":[{"embeddable":true,"href":"https:\/\/redebeneditina.org.br\/pioxi\/wp-json\/wp\/v2\/media\/20250"}],"wp:attachment":[{"href":"https:\/\/redebeneditina.org.br\/pioxi\/wp-json\/wp\/v2\/media?parent=20248"}],"wp:term":[{"taxonomy":"category","embeddable":true,"href":"https:\/\/redebeneditina.org.br\/pioxi\/wp-json\/wp\/v2\/categories?post=20248"},{"taxonomy":"post_tag","embeddable":true,"href":"https:\/\/redebeneditina.org.br\/pioxi\/wp-json\/wp\/v2\/tags?post=20248"}],"curies":[{"name":"wp","href":"https:\/\/api.w.org\/{rel}","templated":true}]}}