{"id":20375,"date":"2024-05-13T11:17:30","date_gmt":"2024-05-13T14:17:30","guid":{"rendered":"https:\/\/redebeneditina.org.br\/pioxi\/?p=20375"},"modified":"2024-05-14T11:28:23","modified_gmt":"2024-05-14T14:28:23","slug":"conversar-com-jesus-pre-i","status":"publish","type":"post","link":"https:\/\/redebeneditina.org.br\/pioxi\/conversar-com-jesus-pre-i\/","title":{"rendered":"Conversar com Jesus &#8211; Pr\u00e9 I"},"content":{"rendered":"<p>Os alunos do Pr\u00e9 1, orientados pela professora Gabriella, foram a capela da nossa querida escola para conversar com Jesus.<\/p>\n<p>Atrav\u00e9s desse momento, pediram a cura de todos aqueles que necessitam e fizeram suas ora\u00e7\u00f5es, com muito amor, bondade e respeito.<\/p>\n<p>\u00c9 a viv\u00eancia que proporciona aos alunos a oportunidade de fortalecer a f\u00e9 e buscar o compromisso na intimidade com Deus.<\/p>\nngg_shortcode_0_placeholder\n","protected":false},"excerpt":{"rendered":"<p>Os alunos do Pr\u00e9 1, orientados pela professora Gabriella, foram a capela da nossa querida escola para conversar com Jesus. Atrav\u00e9s desse momento, pediram a cura de todos aqueles que necessitam e fizeram suas ora\u00e7\u00f5es, com muito amor, bondade e respeito. \u00c9 a viv\u00eancia que proporciona aos alunos a oportunidade de fortalecer a f\u00e9 e&#8230;<\/p>\n","protected":false},"author":4,"featured_media":20382,"comment_status":"closed","ping_status":"closed","sticky":false,"template":"","format":"standard","meta":{"_monsterinsights_skip_tracking":false,"_monsterinsights_sitenote_active":false,"_monsterinsights_sitenote_note":"","_monsterinsights_sitenote_category":0,"ngg_post_thumbnail":0,"footnotes":""},"categories":[106,88,82,95],"tags":[],"class_list":["post-20375","post","type-post","status-publish","format-standard","has-post-thumbnail","hentry","category-noticia-ano-2024","category-ed-infantil","category-noticias","category-pastoral-escolar"],"_links":{"self":[{"href":"https:\/\/redebeneditina.org.br\/pioxi\/wp-json\/wp\/v2\/posts\/20375","targetHints":{"allow":["GET"]}}],"collection":[{"href":"https:\/\/redebeneditina.org.br\/pioxi\/wp-json\/wp\/v2\/posts"}],"about":[{"href":"https:\/\/redebeneditina.org.br\/pioxi\/wp-json\/wp\/v2\/types\/post"}],"author":[{"embeddable":true,"href":"https:\/\/redebeneditina.org.br\/pioxi\/wp-json\/wp\/v2\/users\/4"}],"replies":[{"embeddable":true,"href":"https:\/\/redebeneditina.org.br\/pioxi\/wp-json\/wp\/v2\/comments?post=20375"}],"version-history":[{"count":0,"href":"https:\/\/redebeneditina.org.br\/pioxi\/wp-json\/wp\/v2\/posts\/20375\/revisions"}],"wp:featuredmedia":[{"embeddable":true,"href":"https:\/\/redebeneditina.org.br\/pioxi\/wp-json\/wp\/v2\/media\/20382"}],"wp:attachment":[{"href":"https:\/\/redebeneditina.org.br\/pioxi\/wp-json\/wp\/v2\/media?parent=20375"}],"wp:term":[{"taxonomy":"category","embeddable":true,"href":"https:\/\/redebeneditina.org.br\/pioxi\/wp-json\/wp\/v2\/categories?post=20375"},{"taxonomy":"post_tag","embeddable":true,"href":"https:\/\/redebeneditina.org.br\/pioxi\/wp-json\/wp\/v2\/tags?post=20375"}],"curies":[{"name":"wp","href":"https:\/\/api.w.org\/{rel}","templated":true}]}}