{"id":20417,"date":"2024-05-13T11:26:01","date_gmt":"2024-05-13T14:26:01","guid":{"rendered":"https:\/\/redebeneditina.org.br\/pioxi\/?p=20417"},"modified":"2024-05-14T11:28:03","modified_gmt":"2024-05-14T14:28:03","slug":"ensino-religioso-ef9","status":"publish","type":"post","link":"https:\/\/redebeneditina.org.br\/pioxi\/ensino-religioso-ef9\/","title":{"rendered":"Ensino Religioso &#8211; EF9"},"content":{"rendered":"<p>Tendo como eixo nortedor a Campanha da Fraternidade de 2024, que tem como tema Fraternidade e Amizade Social, as professoras de ensino religioso do 9 ano, Jessica e Suzete, solicitaram para as respectivas turmas, uma atividade onde todos dever\u00e3o inserir o seguinte t\u00edtulo: \u201cMe colocando no lugar do outro: seguindo os passos de Jesus&#8221;. A organiza\u00e7\u00e3o da atividade se deu da seguinte forma: o aluno dividiu a cartolina em duas partes. Tais partes tiveram como subt\u00edtulo: \u201cRetrato da realidade\u201d e o \u201cO que Jesus faria\u201d?<\/p>\n<p>Por \u201cRetrato da realidade\u201d os alunos pesquisaram, via internet, imagens de pessoas que vivam em condi\u00e7\u00f5es de vulnerabilidade social e\/ou em situa\u00e7\u00e3o de rua (podendo ser mais de uma imagem). J\u00e1 em \u201cO que Jesus faria?\u201d, os alunos propuseram medidas ou solu\u00e7\u00f5es para sanar os potenciais conflitos e situa\u00e7\u00f5es apresentados na primeira parte, visando a empatia e solidariedade.<\/p>\n<p>Essa atividade gerou muito aprendizado, pois os alunos foram estimulados a olhar o outro em todas suas dimens\u00f5es e potencialidades.<\/p>\n<p><img fetchpriority=\"high\" decoding=\"async\" class=\"alignnone size-full wp-image-20419\" src=\"https:\/\/redebeneditina.org.br\/pioxi\/wp-content\/uploads\/2024\/05\/2024-ef9-ens-religioso-pioxi-2.jpg\" alt=\"\" width=\"1080\" height=\"810\" srcset=\"https:\/\/redebeneditina.org.br\/pioxi\/wp-content\/uploads\/2024\/05\/2024-ef9-ens-religioso-pioxi-2.jpg 1080w, https:\/\/redebeneditina.org.br\/pioxi\/wp-content\/uploads\/2024\/05\/2024-ef9-ens-religioso-pioxi-2-300x225.jpg 300w, https:\/\/redebeneditina.org.br\/pioxi\/wp-content\/uploads\/2024\/05\/2024-ef9-ens-religioso-pioxi-2-1024x768.jpg 1024w, https:\/\/redebeneditina.org.br\/pioxi\/wp-content\/uploads\/2024\/05\/2024-ef9-ens-religioso-pioxi-2-768x576.jpg 768w\" sizes=\"(max-width: 1080px) 100vw, 1080px\" \/><\/p>\n","protected":false},"excerpt":{"rendered":"<p>Tendo como eixo nortedor a Campanha da Fraternidade de 2024, que tem como tema Fraternidade e Amizade Social, as professoras de ensino religioso do 9 ano, Jessica e Suzete, solicitaram para as respectivas turmas, uma atividade onde todos dever\u00e3o inserir o seguinte t\u00edtulo: \u201cMe colocando no lugar do outro: seguindo os passos de Jesus&#8221;. A&#8230;<\/p>\n","protected":false},"author":4,"featured_media":20420,"comment_status":"closed","ping_status":"closed","sticky":false,"template":"","format":"standard","meta":{"_monsterinsights_skip_tracking":false,"_monsterinsights_sitenote_active":false,"_monsterinsights_sitenote_note":"","_monsterinsights_sitenote_category":0,"ngg_post_thumbnail":0,"footnotes":""},"categories":[106,90,82,95],"tags":[],"class_list":["post-20417","post","type-post","status-publish","format-standard","has-post-thumbnail","hentry","category-noticia-ano-2024","category-ens-fund_ii","category-noticias","category-pastoral-escolar"],"_links":{"self":[{"href":"https:\/\/redebeneditina.org.br\/pioxi\/wp-json\/wp\/v2\/posts\/20417","targetHints":{"allow":["GET"]}}],"collection":[{"href":"https:\/\/redebeneditina.org.br\/pioxi\/wp-json\/wp\/v2\/posts"}],"about":[{"href":"https:\/\/redebeneditina.org.br\/pioxi\/wp-json\/wp\/v2\/types\/post"}],"author":[{"embeddable":true,"href":"https:\/\/redebeneditina.org.br\/pioxi\/wp-json\/wp\/v2\/users\/4"}],"replies":[{"embeddable":true,"href":"https:\/\/redebeneditina.org.br\/pioxi\/wp-json\/wp\/v2\/comments?post=20417"}],"version-history":[{"count":0,"href":"https:\/\/redebeneditina.org.br\/pioxi\/wp-json\/wp\/v2\/posts\/20417\/revisions"}],"wp:featuredmedia":[{"embeddable":true,"href":"https:\/\/redebeneditina.org.br\/pioxi\/wp-json\/wp\/v2\/media\/20420"}],"wp:attachment":[{"href":"https:\/\/redebeneditina.org.br\/pioxi\/wp-json\/wp\/v2\/media?parent=20417"}],"wp:term":[{"taxonomy":"category","embeddable":true,"href":"https:\/\/redebeneditina.org.br\/pioxi\/wp-json\/wp\/v2\/categories?post=20417"},{"taxonomy":"post_tag","embeddable":true,"href":"https:\/\/redebeneditina.org.br\/pioxi\/wp-json\/wp\/v2\/tags?post=20417"}],"curies":[{"name":"wp","href":"https:\/\/api.w.org\/{rel}","templated":true}]}}