{"id":20525,"date":"2024-05-24T14:14:06","date_gmt":"2024-05-24T17:14:06","guid":{"rendered":"https:\/\/redebeneditina.org.br\/pioxi\/?p=20525"},"modified":"2024-05-27T14:15:23","modified_gmt":"2024-05-27T17:15:23","slug":"neurodivergencia-na-escola-comportamento-aprendizagem-e-educacao-inclusiva","status":"publish","type":"post","link":"https:\/\/redebeneditina.org.br\/pioxi\/neurodivergencia-na-escola-comportamento-aprendizagem-e-educacao-inclusiva\/","title":{"rendered":"Neurodiverg\u00eancia na escola. Comportamento, Aprendizagem e Educa\u00e7\u00e3o Inclusiva"},"content":{"rendered":"<p>Com o objetivo de capacitar a equipe docente, a Rede Beneditina promoveu uma palestra on-line, ministrada pela Doutora Denise Serra, sobreo tema: \u201cNeurodiverg\u00eancia na escola. Comportamento, Aprendizagem e Educa\u00e7\u00e3o Inclusiva\u201d.<\/p>\n<p><img fetchpriority=\"high\" decoding=\"async\" class=\"alignnone size-full wp-image-20527\" src=\"https:\/\/redebeneditina.org.br\/pioxi\/wp-content\/uploads\/2024\/05\/2024-rb-pioxi-2.jpg\" alt=\"\" width=\"1024\" height=\"575\" srcset=\"https:\/\/redebeneditina.org.br\/pioxi\/wp-content\/uploads\/2024\/05\/2024-rb-pioxi-2.jpg 1024w, https:\/\/redebeneditina.org.br\/pioxi\/wp-content\/uploads\/2024\/05\/2024-rb-pioxi-2-300x168.jpg 300w, https:\/\/redebeneditina.org.br\/pioxi\/wp-content\/uploads\/2024\/05\/2024-rb-pioxi-2-768x431.jpg 768w\" sizes=\"(max-width: 1024px) 100vw, 1024px\" \/><\/p>\n","protected":false},"excerpt":{"rendered":"<p>Com o objetivo de capacitar a equipe docente, a Rede Beneditina promoveu uma palestra on-line, ministrada pela Doutora Denise Serra, sobreo tema: \u201cNeurodiverg\u00eancia na escola. Comportamento, Aprendizagem e Educa\u00e7\u00e3o Inclusiva\u201d.<\/p>\n","protected":false},"author":4,"featured_media":20526,"comment_status":"closed","ping_status":"closed","sticky":false,"template":"","format":"standard","meta":{"_monsterinsights_skip_tracking":false,"_monsterinsights_sitenote_active":false,"_monsterinsights_sitenote_note":"","_monsterinsights_sitenote_category":0,"ngg_post_thumbnail":0,"footnotes":""},"categories":[106,88,89,90,91,82],"tags":[],"class_list":["post-20525","post","type-post","status-publish","format-standard","has-post-thumbnail","hentry","category-noticia-ano-2024","category-ed-infantil","category-ens-fund_i","category-ens-fund_ii","category-ens-medio","category-noticias"],"_links":{"self":[{"href":"https:\/\/redebeneditina.org.br\/pioxi\/wp-json\/wp\/v2\/posts\/20525","targetHints":{"allow":["GET"]}}],"collection":[{"href":"https:\/\/redebeneditina.org.br\/pioxi\/wp-json\/wp\/v2\/posts"}],"about":[{"href":"https:\/\/redebeneditina.org.br\/pioxi\/wp-json\/wp\/v2\/types\/post"}],"author":[{"embeddable":true,"href":"https:\/\/redebeneditina.org.br\/pioxi\/wp-json\/wp\/v2\/users\/4"}],"replies":[{"embeddable":true,"href":"https:\/\/redebeneditina.org.br\/pioxi\/wp-json\/wp\/v2\/comments?post=20525"}],"version-history":[{"count":0,"href":"https:\/\/redebeneditina.org.br\/pioxi\/wp-json\/wp\/v2\/posts\/20525\/revisions"}],"wp:featuredmedia":[{"embeddable":true,"href":"https:\/\/redebeneditina.org.br\/pioxi\/wp-json\/wp\/v2\/media\/20526"}],"wp:attachment":[{"href":"https:\/\/redebeneditina.org.br\/pioxi\/wp-json\/wp\/v2\/media?parent=20525"}],"wp:term":[{"taxonomy":"category","embeddable":true,"href":"https:\/\/redebeneditina.org.br\/pioxi\/wp-json\/wp\/v2\/categories?post=20525"},{"taxonomy":"post_tag","embeddable":true,"href":"https:\/\/redebeneditina.org.br\/pioxi\/wp-json\/wp\/v2\/tags?post=20525"}],"curies":[{"name":"wp","href":"https:\/\/api.w.org\/{rel}","templated":true}]}}