{"id":20558,"date":"2024-05-24T14:29:19","date_gmt":"2024-05-24T17:29:19","guid":{"rendered":"https:\/\/redebeneditina.org.br\/pioxi\/?p=20558"},"modified":"2024-05-27T14:33:41","modified_gmt":"2024-05-27T17:33:41","slug":"corpus-christi-e-maria","status":"publish","type":"post","link":"https:\/\/redebeneditina.org.br\/pioxi\/corpus-christi-e-maria\/","title":{"rendered":"Corpus Christi e Maria"},"content":{"rendered":"<p>Para muitos fi\u00e9is, Maria representa n\u00e3o apenas a m\u00e3e de Jesus, mas tamb\u00e9m um modelo de virtude e santidade.<\/p>\n<p><img fetchpriority=\"high\" decoding=\"async\" class=\"alignnone size-full wp-image-20560\" src=\"https:\/\/redebeneditina.org.br\/pioxi\/wp-content\/uploads\/2024\/05\/2024-maria-religiao-pioxi-2.jpg\" alt=\"\" width=\"1024\" height=\"1365\" srcset=\"https:\/\/redebeneditina.org.br\/pioxi\/wp-content\/uploads\/2024\/05\/2024-maria-religiao-pioxi-2.jpg 1024w, https:\/\/redebeneditina.org.br\/pioxi\/wp-content\/uploads\/2024\/05\/2024-maria-religiao-pioxi-2-225x300.jpg 225w, https:\/\/redebeneditina.org.br\/pioxi\/wp-content\/uploads\/2024\/05\/2024-maria-religiao-pioxi-2-768x1024.jpg 768w\" sizes=\"(max-width: 1024px) 100vw, 1024px\" \/><\/p>\n<p>Em um momento de reflex\u00e3o, na aula de Ensino Religioso, os alunos foram a capela para aprender mais sobre a origem e significado de Corpus Christi, bem como sobre o papel de Maria, m\u00e3e de Jesus, em nossa f\u00e9.<\/p>\n<p><img decoding=\"async\" class=\"alignnone size-full wp-image-20561\" src=\"https:\/\/redebeneditina.org.br\/pioxi\/wp-content\/uploads\/2024\/05\/2024-maria-religiao-pioxi-3.jpg\" alt=\"\" width=\"1024\" height=\"1365\" srcset=\"https:\/\/redebeneditina.org.br\/pioxi\/wp-content\/uploads\/2024\/05\/2024-maria-religiao-pioxi-3.jpg 1024w, https:\/\/redebeneditina.org.br\/pioxi\/wp-content\/uploads\/2024\/05\/2024-maria-religiao-pioxi-3-225x300.jpg 225w, https:\/\/redebeneditina.org.br\/pioxi\/wp-content\/uploads\/2024\/05\/2024-maria-religiao-pioxi-3-768x1024.jpg 768w\" sizes=\"(max-width: 1024px) 100vw, 1024px\" \/><\/p>\n","protected":false},"excerpt":{"rendered":"<p>Para muitos fi\u00e9is, Maria representa n\u00e3o apenas a m\u00e3e de Jesus, mas tamb\u00e9m um modelo de virtude e santidade. Em um momento de reflex\u00e3o, na aula de Ensino Religioso, os alunos foram a capela para aprender mais sobre a origem e significado de Corpus Christi, bem como sobre o papel de Maria, m\u00e3e de Jesus,&#8230;<\/p>\n","protected":false},"author":4,"featured_media":20559,"comment_status":"closed","ping_status":"closed","sticky":false,"template":"","format":"standard","meta":{"_monsterinsights_skip_tracking":false,"_monsterinsights_sitenote_active":false,"_monsterinsights_sitenote_note":"","_monsterinsights_sitenote_category":0,"ngg_post_thumbnail":0,"footnotes":""},"categories":[106,89,90,82,95],"tags":[],"class_list":["post-20558","post","type-post","status-publish","format-standard","has-post-thumbnail","hentry","category-noticia-ano-2024","category-ens-fund_i","category-ens-fund_ii","category-noticias","category-pastoral-escolar"],"_links":{"self":[{"href":"https:\/\/redebeneditina.org.br\/pioxi\/wp-json\/wp\/v2\/posts\/20558","targetHints":{"allow":["GET"]}}],"collection":[{"href":"https:\/\/redebeneditina.org.br\/pioxi\/wp-json\/wp\/v2\/posts"}],"about":[{"href":"https:\/\/redebeneditina.org.br\/pioxi\/wp-json\/wp\/v2\/types\/post"}],"author":[{"embeddable":true,"href":"https:\/\/redebeneditina.org.br\/pioxi\/wp-json\/wp\/v2\/users\/4"}],"replies":[{"embeddable":true,"href":"https:\/\/redebeneditina.org.br\/pioxi\/wp-json\/wp\/v2\/comments?post=20558"}],"version-history":[{"count":0,"href":"https:\/\/redebeneditina.org.br\/pioxi\/wp-json\/wp\/v2\/posts\/20558\/revisions"}],"wp:featuredmedia":[{"embeddable":true,"href":"https:\/\/redebeneditina.org.br\/pioxi\/wp-json\/wp\/v2\/media\/20559"}],"wp:attachment":[{"href":"https:\/\/redebeneditina.org.br\/pioxi\/wp-json\/wp\/v2\/media?parent=20558"}],"wp:term":[{"taxonomy":"category","embeddable":true,"href":"https:\/\/redebeneditina.org.br\/pioxi\/wp-json\/wp\/v2\/categories?post=20558"},{"taxonomy":"post_tag","embeddable":true,"href":"https:\/\/redebeneditina.org.br\/pioxi\/wp-json\/wp\/v2\/tags?post=20558"}],"curies":[{"name":"wp","href":"https:\/\/api.w.org\/{rel}","templated":true}]}}