{"id":21035,"date":"2024-07-01T11:47:12","date_gmt":"2024-07-01T14:47:12","guid":{"rendered":"https:\/\/redebeneditina.org.br\/pioxi\/?p=21035"},"modified":"2024-07-01T11:47:12","modified_gmt":"2024-07-01T14:47:12","slug":"1o-encontro-de-jovens-do-instituto-pio-xi","status":"publish","type":"post","link":"https:\/\/redebeneditina.org.br\/pioxi\/1o-encontro-de-jovens-do-instituto-pio-xi\/","title":{"rendered":"1\u00ba Encontro de Jovens do Instituto Pio XI"},"content":{"rendered":"<p>Jesus Cristo fez o convite e n\u00f3s preparamos o encontro. Temos certeza que Ele ficou muito feliz com o sim de quem veio.<\/p>\n<p>Que as ben\u00e7\u00e3os derramadas sobre voc\u00eas possam renovar e edificar um novo caminho na vida de todos.<\/p>\n<p>At\u00e9 o pr\u00f3ximo!<\/p>\nngg_shortcode_0_placeholder\n","protected":false},"excerpt":{"rendered":"<p>Jesus Cristo fez o convite e n\u00f3s preparamos o encontro. Temos certeza que Ele ficou muito feliz com o sim de quem veio. Que as ben\u00e7\u00e3os derramadas sobre voc\u00eas possam renovar e edificar um novo caminho na vida de todos. At\u00e9 o pr\u00f3ximo!<\/p>\n","protected":false},"author":4,"featured_media":21106,"comment_status":"closed","ping_status":"closed","sticky":false,"template":"","format":"standard","meta":{"_monsterinsights_skip_tracking":false,"_monsterinsights_sitenote_active":false,"_monsterinsights_sitenote_note":"","_monsterinsights_sitenote_category":0,"ngg_post_thumbnail":0,"footnotes":""},"categories":[106,91,82,95],"tags":[],"class_list":["post-21035","post","type-post","status-publish","format-standard","has-post-thumbnail","hentry","category-noticia-ano-2024","category-ens-medio","category-noticias","category-pastoral-escolar"],"_links":{"self":[{"href":"https:\/\/redebeneditina.org.br\/pioxi\/wp-json\/wp\/v2\/posts\/21035","targetHints":{"allow":["GET"]}}],"collection":[{"href":"https:\/\/redebeneditina.org.br\/pioxi\/wp-json\/wp\/v2\/posts"}],"about":[{"href":"https:\/\/redebeneditina.org.br\/pioxi\/wp-json\/wp\/v2\/types\/post"}],"author":[{"embeddable":true,"href":"https:\/\/redebeneditina.org.br\/pioxi\/wp-json\/wp\/v2\/users\/4"}],"replies":[{"embeddable":true,"href":"https:\/\/redebeneditina.org.br\/pioxi\/wp-json\/wp\/v2\/comments?post=21035"}],"version-history":[{"count":0,"href":"https:\/\/redebeneditina.org.br\/pioxi\/wp-json\/wp\/v2\/posts\/21035\/revisions"}],"wp:featuredmedia":[{"embeddable":true,"href":"https:\/\/redebeneditina.org.br\/pioxi\/wp-json\/wp\/v2\/media\/21106"}],"wp:attachment":[{"href":"https:\/\/redebeneditina.org.br\/pioxi\/wp-json\/wp\/v2\/media?parent=21035"}],"wp:term":[{"taxonomy":"category","embeddable":true,"href":"https:\/\/redebeneditina.org.br\/pioxi\/wp-json\/wp\/v2\/categories?post=21035"},{"taxonomy":"post_tag","embeddable":true,"href":"https:\/\/redebeneditina.org.br\/pioxi\/wp-json\/wp\/v2\/tags?post=21035"}],"curies":[{"name":"wp","href":"https:\/\/api.w.org\/{rel}","templated":true}]}}