{"id":21334,"date":"2024-08-05T18:55:00","date_gmt":"2024-08-05T21:55:00","guid":{"rendered":"https:\/\/redebeneditina.org.br\/pioxi\/?p=21334"},"modified":"2024-08-06T18:57:29","modified_gmt":"2024-08-06T21:57:29","slug":"novo-conselho-geral-das-ibdp","status":"publish","type":"post","link":"https:\/\/redebeneditina.org.br\/pioxi\/novo-conselho-geral-das-ibdp\/","title":{"rendered":"Novo Conselho Geral das IBDP"},"content":{"rendered":"<p>O Instituto Pio XI parabeniza as Irm\u00e3s eleitas para o novo Conselho Geral que atuar\u00e1 com a rec\u00e9m-eleita Madre Geral Narcisa Maria Pasetto, IBDP, no sex\u00eanio 2024-2030.<\/p>\n<p>Aproveitamos o ensejo para agradecer o trabalho realizado pelas Irm\u00e3s que fizeram parte do Conselho no \u00faltimo sex\u00eanio.<\/p>\n<p>Que Deus aben\u00e7oe e fortale\u00e7a a voca\u00e7\u00e3o e a miss\u00e3o de todas.<\/p>\n","protected":false},"excerpt":{"rendered":"<p>O Instituto Pio XI parabeniza as Irm\u00e3s eleitas para o novo Conselho Geral que atuar\u00e1 com a rec\u00e9m-eleita Madre Geral Narcisa Maria Pasetto, IBDP, no sex\u00eanio 2024-2030. Aproveitamos o ensejo para agradecer o trabalho realizado pelas Irm\u00e3s que fizeram parte do Conselho no \u00faltimo sex\u00eanio. Que Deus aben\u00e7oe e fortale\u00e7a a voca\u00e7\u00e3o e a miss\u00e3o&#8230;<\/p>\n","protected":false},"author":4,"featured_media":21335,"comment_status":"closed","ping_status":"closed","sticky":false,"template":"","format":"standard","meta":{"_monsterinsights_skip_tracking":false,"_monsterinsights_sitenote_active":false,"_monsterinsights_sitenote_note":"","_monsterinsights_sitenote_category":0,"ngg_post_thumbnail":0,"footnotes":""},"categories":[106,88,89,90,91,82,95],"tags":[],"class_list":["post-21334","post","type-post","status-publish","format-standard","has-post-thumbnail","hentry","category-noticia-ano-2024","category-ed-infantil","category-ens-fund_i","category-ens-fund_ii","category-ens-medio","category-noticias","category-pastoral-escolar"],"_links":{"self":[{"href":"https:\/\/redebeneditina.org.br\/pioxi\/wp-json\/wp\/v2\/posts\/21334","targetHints":{"allow":["GET"]}}],"collection":[{"href":"https:\/\/redebeneditina.org.br\/pioxi\/wp-json\/wp\/v2\/posts"}],"about":[{"href":"https:\/\/redebeneditina.org.br\/pioxi\/wp-json\/wp\/v2\/types\/post"}],"author":[{"embeddable":true,"href":"https:\/\/redebeneditina.org.br\/pioxi\/wp-json\/wp\/v2\/users\/4"}],"replies":[{"embeddable":true,"href":"https:\/\/redebeneditina.org.br\/pioxi\/wp-json\/wp\/v2\/comments?post=21334"}],"version-history":[{"count":0,"href":"https:\/\/redebeneditina.org.br\/pioxi\/wp-json\/wp\/v2\/posts\/21334\/revisions"}],"wp:featuredmedia":[{"embeddable":true,"href":"https:\/\/redebeneditina.org.br\/pioxi\/wp-json\/wp\/v2\/media\/21335"}],"wp:attachment":[{"href":"https:\/\/redebeneditina.org.br\/pioxi\/wp-json\/wp\/v2\/media?parent=21334"}],"wp:term":[{"taxonomy":"category","embeddable":true,"href":"https:\/\/redebeneditina.org.br\/pioxi\/wp-json\/wp\/v2\/categories?post=21334"},{"taxonomy":"post_tag","embeddable":true,"href":"https:\/\/redebeneditina.org.br\/pioxi\/wp-json\/wp\/v2\/tags?post=21334"}],"curies":[{"name":"wp","href":"https:\/\/api.w.org\/{rel}","templated":true}]}}