{"id":21621,"date":"2024-07-29T10:01:44","date_gmt":"2024-07-29T13:01:44","guid":{"rendered":"https:\/\/redebeneditina.org.br\/pioxi\/?p=21621"},"modified":"2024-08-16T10:03:08","modified_gmt":"2024-08-16T13:03:08","slug":"romaria-pelos-175-anos-da-fundacao-da-congregacao-das-irmas-beneditinas-da-divina-providencia","status":"publish","type":"post","link":"https:\/\/redebeneditina.org.br\/pioxi\/romaria-pelos-175-anos-da-fundacao-da-congregacao-das-irmas-beneditinas-da-divina-providencia\/","title":{"rendered":"Romaria pelos 175 anos da Funda\u00e7\u00e3o da Congrega\u00e7\u00e3o das Irm\u00e3s Beneditinas da Divina Provid\u00eancia"},"content":{"rendered":"<p>Participem conosco.<br class=\"html-br\">Informa\u00e7\u00f5es&nbsp;<span class=\"html-span xdj266r x11i5rnm xat24cr x1mh8g0r xexx8yu x4uap5 x18d9i69 xkhd6sd x1hl2dhg x16tdsg8 x1vvkbs\"><a class=\"x1i10hfl xjbqb8w x1ejq31n xd10rxx x1sy0etr x17r0tee x972fbf xcfux6l x1qhh985 xm0m39n x9f619 x1ypdohk xt0psk2 xe8uvvx xdj266r x11i5rnm xat24cr x1mh8g0r xexx8yu x4uap5 x18d9i69 xkhd6sd x16tdsg8 x1hl2dhg xggy1nq x1a2a7pz x1sur9pj xkrqix3 xzsf02u\" tabindex=\"0\" role=\"link\" href=\"https:\/\/www.instagram.com\/_u\/bkpapelaria?fbclid=IwZXh0bgNhZW0CMTAAAR3YTyeqGGOEsg08PzqMkF5zuQnEZ0piQAoZY0s_PVGZPxJxQFAOaqpzsj0_aem_KTUrW8ByEwRwVPYPulFHZQ\" target=\"_blank\" rel=\"nofollow noopener noreferrer\">@bkpapelaria<\/a><\/span><\/p>\n","protected":false},"excerpt":{"rendered":"<p>Participem conosco.Informa\u00e7\u00f5es&nbsp;@bkpapelaria<\/p>\n","protected":false},"author":4,"featured_media":21622,"comment_status":"closed","ping_status":"closed","sticky":false,"template":"","format":"standard","meta":{"_monsterinsights_skip_tracking":false,"_monsterinsights_sitenote_active":false,"_monsterinsights_sitenote_note":"","_monsterinsights_sitenote_category":0,"ngg_post_thumbnail":0,"footnotes":""},"categories":[106,88,89,90,91,82],"tags":[],"class_list":["post-21621","post","type-post","status-publish","format-standard","has-post-thumbnail","hentry","category-noticia-ano-2024","category-ed-infantil","category-ens-fund_i","category-ens-fund_ii","category-ens-medio","category-noticias"],"_links":{"self":[{"href":"https:\/\/redebeneditina.org.br\/pioxi\/wp-json\/wp\/v2\/posts\/21621","targetHints":{"allow":["GET"]}}],"collection":[{"href":"https:\/\/redebeneditina.org.br\/pioxi\/wp-json\/wp\/v2\/posts"}],"about":[{"href":"https:\/\/redebeneditina.org.br\/pioxi\/wp-json\/wp\/v2\/types\/post"}],"author":[{"embeddable":true,"href":"https:\/\/redebeneditina.org.br\/pioxi\/wp-json\/wp\/v2\/users\/4"}],"replies":[{"embeddable":true,"href":"https:\/\/redebeneditina.org.br\/pioxi\/wp-json\/wp\/v2\/comments?post=21621"}],"version-history":[{"count":0,"href":"https:\/\/redebeneditina.org.br\/pioxi\/wp-json\/wp\/v2\/posts\/21621\/revisions"}],"wp:featuredmedia":[{"embeddable":true,"href":"https:\/\/redebeneditina.org.br\/pioxi\/wp-json\/wp\/v2\/media\/21622"}],"wp:attachment":[{"href":"https:\/\/redebeneditina.org.br\/pioxi\/wp-json\/wp\/v2\/media?parent=21621"}],"wp:term":[{"taxonomy":"category","embeddable":true,"href":"https:\/\/redebeneditina.org.br\/pioxi\/wp-json\/wp\/v2\/categories?post=21621"},{"taxonomy":"post_tag","embeddable":true,"href":"https:\/\/redebeneditina.org.br\/pioxi\/wp-json\/wp\/v2\/tags?post=21621"}],"curies":[{"name":"wp","href":"https:\/\/api.w.org\/{rel}","templated":true}]}}