{"id":21627,"date":"2024-08-01T10:12:32","date_gmt":"2024-08-01T13:12:32","guid":{"rendered":"https:\/\/redebeneditina.org.br\/pioxi\/?p=21627"},"modified":"2024-08-16T11:44:15","modified_gmt":"2024-08-16T14:44:15","slug":"mostra-de-danca-pio-xi-2024","status":"publish","type":"post","link":"https:\/\/redebeneditina.org.br\/pioxi\/mostra-de-danca-pio-xi-2024\/","title":{"rendered":"Mostra de Dan\u00e7a Pio XI 2024"},"content":{"rendered":"<div dir=\"auto\">A Mostra de Dan\u00e7a \u00e9 um grande evento do Instituto Pio XI e tem como objetivo uma culmin\u00e2ncia atrav\u00e9s de apresenta\u00e7\u00f5es de dan\u00e7a, com encena\u00e7\u00f5es e textos explicativos abordando o tema do ano.<\/div>\n<div dir=\"auto\">Tema de 2024: OLIMP\u00cdADA &#8211; a jornada da supera\u00e7\u00e3o.<\/div>\n","protected":false},"excerpt":{"rendered":"<p>A Mostra de Dan\u00e7a \u00e9 um grande evento do Instituto Pio XI e tem como objetivo uma culmin\u00e2ncia atrav\u00e9s de apresenta\u00e7\u00f5es de dan\u00e7a, com encena\u00e7\u00f5es e textos explicativos abordando o tema do ano. Tema de 2024: OLIMP\u00cdADA &#8211; a jornada da supera\u00e7\u00e3o.<\/p>\n","protected":false},"author":4,"featured_media":21639,"comment_status":"closed","ping_status":"closed","sticky":false,"template":"","format":"standard","meta":{"_monsterinsights_skip_tracking":false,"_monsterinsights_sitenote_active":false,"_monsterinsights_sitenote_note":"","_monsterinsights_sitenote_category":0,"ngg_post_thumbnail":0,"footnotes":""},"categories":[106,88,89,90,91,82],"tags":[],"class_list":["post-21627","post","type-post","status-publish","format-standard","has-post-thumbnail","hentry","category-noticia-ano-2024","category-ed-infantil","category-ens-fund_i","category-ens-fund_ii","category-ens-medio","category-noticias"],"_links":{"self":[{"href":"https:\/\/redebeneditina.org.br\/pioxi\/wp-json\/wp\/v2\/posts\/21627","targetHints":{"allow":["GET"]}}],"collection":[{"href":"https:\/\/redebeneditina.org.br\/pioxi\/wp-json\/wp\/v2\/posts"}],"about":[{"href":"https:\/\/redebeneditina.org.br\/pioxi\/wp-json\/wp\/v2\/types\/post"}],"author":[{"embeddable":true,"href":"https:\/\/redebeneditina.org.br\/pioxi\/wp-json\/wp\/v2\/users\/4"}],"replies":[{"embeddable":true,"href":"https:\/\/redebeneditina.org.br\/pioxi\/wp-json\/wp\/v2\/comments?post=21627"}],"version-history":[{"count":0,"href":"https:\/\/redebeneditina.org.br\/pioxi\/wp-json\/wp\/v2\/posts\/21627\/revisions"}],"wp:featuredmedia":[{"embeddable":true,"href":"https:\/\/redebeneditina.org.br\/pioxi\/wp-json\/wp\/v2\/media\/21639"}],"wp:attachment":[{"href":"https:\/\/redebeneditina.org.br\/pioxi\/wp-json\/wp\/v2\/media?parent=21627"}],"wp:term":[{"taxonomy":"category","embeddable":true,"href":"https:\/\/redebeneditina.org.br\/pioxi\/wp-json\/wp\/v2\/categories?post=21627"},{"taxonomy":"post_tag","embeddable":true,"href":"https:\/\/redebeneditina.org.br\/pioxi\/wp-json\/wp\/v2\/tags?post=21627"}],"curies":[{"name":"wp","href":"https:\/\/api.w.org\/{rel}","templated":true}]}}