{"id":21655,"date":"2024-08-16T15:31:03","date_gmt":"2024-08-16T18:31:03","guid":{"rendered":"https:\/\/redebeneditina.org.br\/pioxi\/?p=21655"},"modified":"2024-08-16T15:31:03","modified_gmt":"2024-08-16T18:31:03","slug":"escola-catolica-educar-para-o-desenvolvimento-sustentavel","status":"publish","type":"post","link":"https:\/\/redebeneditina.org.br\/pioxi\/escola-catolica-educar-para-o-desenvolvimento-sustentavel\/","title":{"rendered":"Escola Cat\u00f3lica &#8211; Educar para o desenvolvimento sustent\u00e1vel"},"content":{"rendered":"<p>O Instituto Pio XI em parceria com a FTD, representado pela vice diretora e coordenadora pedag\u00f3gica, participou do Encontro Regional Integra, com o tema: Escola Cat\u00f3lica &#8211; Educar para o desenvolvimento sustent\u00e1vel.<\/p>\nngg_shortcode_0_placeholder\n","protected":false},"excerpt":{"rendered":"<p>O Instituto Pio XI em parceria com a FTD, representado pela vice diretora e coordenadora pedag\u00f3gica, participou do Encontro Regional Integra, com o tema: Escola Cat\u00f3lica &#8211; Educar para o desenvolvimento sustent\u00e1vel.<\/p>\n","protected":false},"author":4,"featured_media":21662,"comment_status":"closed","ping_status":"closed","sticky":false,"template":"","format":"standard","meta":{"_monsterinsights_skip_tracking":false,"_monsterinsights_sitenote_active":false,"_monsterinsights_sitenote_note":"","_monsterinsights_sitenote_category":0,"ngg_post_thumbnail":0,"footnotes":""},"categories":[106,88,89,90,91,82,95],"tags":[],"class_list":["post-21655","post","type-post","status-publish","format-standard","has-post-thumbnail","hentry","category-noticia-ano-2024","category-ed-infantil","category-ens-fund_i","category-ens-fund_ii","category-ens-medio","category-noticias","category-pastoral-escolar"],"_links":{"self":[{"href":"https:\/\/redebeneditina.org.br\/pioxi\/wp-json\/wp\/v2\/posts\/21655","targetHints":{"allow":["GET"]}}],"collection":[{"href":"https:\/\/redebeneditina.org.br\/pioxi\/wp-json\/wp\/v2\/posts"}],"about":[{"href":"https:\/\/redebeneditina.org.br\/pioxi\/wp-json\/wp\/v2\/types\/post"}],"author":[{"embeddable":true,"href":"https:\/\/redebeneditina.org.br\/pioxi\/wp-json\/wp\/v2\/users\/4"}],"replies":[{"embeddable":true,"href":"https:\/\/redebeneditina.org.br\/pioxi\/wp-json\/wp\/v2\/comments?post=21655"}],"version-history":[{"count":0,"href":"https:\/\/redebeneditina.org.br\/pioxi\/wp-json\/wp\/v2\/posts\/21655\/revisions"}],"wp:featuredmedia":[{"embeddable":true,"href":"https:\/\/redebeneditina.org.br\/pioxi\/wp-json\/wp\/v2\/media\/21662"}],"wp:attachment":[{"href":"https:\/\/redebeneditina.org.br\/pioxi\/wp-json\/wp\/v2\/media?parent=21655"}],"wp:term":[{"taxonomy":"category","embeddable":true,"href":"https:\/\/redebeneditina.org.br\/pioxi\/wp-json\/wp\/v2\/categories?post=21655"},{"taxonomy":"post_tag","embeddable":true,"href":"https:\/\/redebeneditina.org.br\/pioxi\/wp-json\/wp\/v2\/tags?post=21655"}],"curies":[{"name":"wp","href":"https:\/\/api.w.org\/{rel}","templated":true}]}}