{"id":21664,"date":"2024-08-19T11:49:33","date_gmt":"2024-08-19T14:49:33","guid":{"rendered":"https:\/\/redebeneditina.org.br\/pioxi\/?p=21664"},"modified":"2024-08-19T11:49:33","modified_gmt":"2024-08-19T14:49:33","slug":"jubileu-de-175-anos-das-irmas-beneditinas-da-divina-providencia","status":"publish","type":"post","link":"https:\/\/redebeneditina.org.br\/pioxi\/jubileu-de-175-anos-das-irmas-beneditinas-da-divina-providencia\/","title":{"rendered":"Jubileu de 175 anos das Irm\u00e3s Beneditinas da Divina Provid\u00eancia"},"content":{"rendered":"<p>Hoje, o Instituto Pio XI, representado pelas Irm\u00e3s Mara (Diretora), Irm\u00e3 M\u00e1rcia (Vice-Diretora) e pela coordenadora B\u00e1rbara Vieira, teve a honra de entregar uma lembran\u00e7a especial \u00e0 Congrega\u00e7\u00e3o em comemora\u00e7\u00e3o ao seu Jubileu de 175 anos. A pe\u00e7a, confeccionada com todo carinho pelo professor de Artes, Ant\u00f4nio Jos\u00e9, foi entregue em nome de todos os colaboradores do Instituto.<\/p>\n<p>Que sejam permanentes: a uni\u00e3o, o respeito e o apre\u00e7o por essa hist\u00f3ria t\u00e3o rica e aben\u00e7oada. Que essa homenagem fortale\u00e7a ainda mais os la\u00e7os que nos unem em nossa miss\u00e3o de formar integralmente nossos alunos!<\/p>\n<p>As Irm\u00e3s Beneditinas da Divina Provid\u00eancia expressaram sua profunda gratid\u00e3o pela lembran\u00e7a ofertada pelos colaboradores do Instituto Pio XI.<\/p>\n<p><img fetchpriority=\"high\" decoding=\"async\" class=\"alignnone size-full wp-image-21666\" src=\"https:\/\/redebeneditina.org.br\/pioxi\/wp-content\/uploads\/2024\/08\/2024-175anos-beneditinas-pioxi-1.jpeg\" alt=\"\" width=\"1080\" height=\"1080\" srcset=\"https:\/\/redebeneditina.org.br\/pioxi\/wp-content\/uploads\/2024\/08\/2024-175anos-beneditinas-pioxi-1.jpeg 1080w, https:\/\/redebeneditina.org.br\/pioxi\/wp-content\/uploads\/2024\/08\/2024-175anos-beneditinas-pioxi-1-300x300.jpeg 300w, https:\/\/redebeneditina.org.br\/pioxi\/wp-content\/uploads\/2024\/08\/2024-175anos-beneditinas-pioxi-1-1024x1024.jpeg 1024w, https:\/\/redebeneditina.org.br\/pioxi\/wp-content\/uploads\/2024\/08\/2024-175anos-beneditinas-pioxi-1-150x150.jpeg 150w, https:\/\/redebeneditina.org.br\/pioxi\/wp-content\/uploads\/2024\/08\/2024-175anos-beneditinas-pioxi-1-768x768.jpeg 768w\" sizes=\"(max-width: 1080px) 100vw, 1080px\" \/><\/p>\n<p>&nbsp;<\/p>\n","protected":false},"excerpt":{"rendered":"<p>Hoje, o Instituto Pio XI, representado pelas Irm\u00e3s Mara (Diretora), Irm\u00e3 M\u00e1rcia (Vice-Diretora) e pela coordenadora B\u00e1rbara Vieira, teve a honra de entregar uma lembran\u00e7a especial \u00e0 Congrega\u00e7\u00e3o em comemora\u00e7\u00e3o ao seu Jubileu de 175 anos. A pe\u00e7a, confeccionada com todo carinho pelo professor de Artes, Ant\u00f4nio Jos\u00e9, foi entregue em nome de todos os&#8230;<\/p>\n","protected":false},"author":4,"featured_media":21665,"comment_status":"closed","ping_status":"closed","sticky":false,"template":"","format":"standard","meta":{"_monsterinsights_skip_tracking":false,"_monsterinsights_sitenote_active":false,"_monsterinsights_sitenote_note":"","_monsterinsights_sitenote_category":0,"ngg_post_thumbnail":0,"footnotes":""},"categories":[106,88,89,90,91,82,95],"tags":[],"class_list":["post-21664","post","type-post","status-publish","format-standard","has-post-thumbnail","hentry","category-noticia-ano-2024","category-ed-infantil","category-ens-fund_i","category-ens-fund_ii","category-ens-medio","category-noticias","category-pastoral-escolar"],"_links":{"self":[{"href":"https:\/\/redebeneditina.org.br\/pioxi\/wp-json\/wp\/v2\/posts\/21664","targetHints":{"allow":["GET"]}}],"collection":[{"href":"https:\/\/redebeneditina.org.br\/pioxi\/wp-json\/wp\/v2\/posts"}],"about":[{"href":"https:\/\/redebeneditina.org.br\/pioxi\/wp-json\/wp\/v2\/types\/post"}],"author":[{"embeddable":true,"href":"https:\/\/redebeneditina.org.br\/pioxi\/wp-json\/wp\/v2\/users\/4"}],"replies":[{"embeddable":true,"href":"https:\/\/redebeneditina.org.br\/pioxi\/wp-json\/wp\/v2\/comments?post=21664"}],"version-history":[{"count":0,"href":"https:\/\/redebeneditina.org.br\/pioxi\/wp-json\/wp\/v2\/posts\/21664\/revisions"}],"wp:featuredmedia":[{"embeddable":true,"href":"https:\/\/redebeneditina.org.br\/pioxi\/wp-json\/wp\/v2\/media\/21665"}],"wp:attachment":[{"href":"https:\/\/redebeneditina.org.br\/pioxi\/wp-json\/wp\/v2\/media?parent=21664"}],"wp:term":[{"taxonomy":"category","embeddable":true,"href":"https:\/\/redebeneditina.org.br\/pioxi\/wp-json\/wp\/v2\/categories?post=21664"},{"taxonomy":"post_tag","embeddable":true,"href":"https:\/\/redebeneditina.org.br\/pioxi\/wp-json\/wp\/v2\/tags?post=21664"}],"curies":[{"name":"wp","href":"https:\/\/api.w.org\/{rel}","templated":true}]}}