{"id":22143,"date":"2024-09-05T11:32:48","date_gmt":"2024-09-05T14:32:48","guid":{"rendered":"https:\/\/redebeneditina.org.br\/pioxi\/?p=22143"},"modified":"2024-09-05T11:32:48","modified_gmt":"2024-09-05T14:32:48","slug":"passeio-cultural-para-o-planetario-da-gavea-ef3","status":"publish","type":"post","link":"https:\/\/redebeneditina.org.br\/pioxi\/passeio-cultural-para-o-planetario-da-gavea-ef3\/","title":{"rendered":"Passeio cultural para o Planet\u00e1rio da G\u00e1vea &#8211; EF3"},"content":{"rendered":"<p>Veja o \u00e1lbum de fotos dos nossos alunos do 3\u00ba ano do Ensino Fundamental no passeio cultural para o Planet\u00e1rio da G\u00e1vea!<\/p>\nngg_shortcode_0_placeholder\n","protected":false},"excerpt":{"rendered":"<p>Veja o \u00e1lbum de fotos dos nossos alunos do 3\u00ba ano do Ensino Fundamental no passeio cultural para o Planet\u00e1rio da G\u00e1vea!<\/p>\n","protected":false},"author":4,"featured_media":22272,"comment_status":"closed","ping_status":"closed","sticky":false,"template":"","format":"standard","meta":{"_monsterinsights_skip_tracking":false,"_monsterinsights_sitenote_active":false,"_monsterinsights_sitenote_note":"","_monsterinsights_sitenote_category":0,"ngg_post_thumbnail":0,"footnotes":""},"categories":[106,89,82],"tags":[],"class_list":["post-22143","post","type-post","status-publish","format-standard","has-post-thumbnail","hentry","category-noticia-ano-2024","category-ens-fund_i","category-noticias"],"_links":{"self":[{"href":"https:\/\/redebeneditina.org.br\/pioxi\/wp-json\/wp\/v2\/posts\/22143","targetHints":{"allow":["GET"]}}],"collection":[{"href":"https:\/\/redebeneditina.org.br\/pioxi\/wp-json\/wp\/v2\/posts"}],"about":[{"href":"https:\/\/redebeneditina.org.br\/pioxi\/wp-json\/wp\/v2\/types\/post"}],"author":[{"embeddable":true,"href":"https:\/\/redebeneditina.org.br\/pioxi\/wp-json\/wp\/v2\/users\/4"}],"replies":[{"embeddable":true,"href":"https:\/\/redebeneditina.org.br\/pioxi\/wp-json\/wp\/v2\/comments?post=22143"}],"version-history":[{"count":0,"href":"https:\/\/redebeneditina.org.br\/pioxi\/wp-json\/wp\/v2\/posts\/22143\/revisions"}],"wp:featuredmedia":[{"embeddable":true,"href":"https:\/\/redebeneditina.org.br\/pioxi\/wp-json\/wp\/v2\/media\/22272"}],"wp:attachment":[{"href":"https:\/\/redebeneditina.org.br\/pioxi\/wp-json\/wp\/v2\/media?parent=22143"}],"wp:term":[{"taxonomy":"category","embeddable":true,"href":"https:\/\/redebeneditina.org.br\/pioxi\/wp-json\/wp\/v2\/categories?post=22143"},{"taxonomy":"post_tag","embeddable":true,"href":"https:\/\/redebeneditina.org.br\/pioxi\/wp-json\/wp\/v2\/tags?post=22143"}],"curies":[{"name":"wp","href":"https:\/\/api.w.org\/{rel}","templated":true}]}}