{"id":22539,"date":"2024-09-09T09:57:00","date_gmt":"2024-09-09T12:57:00","guid":{"rendered":"https:\/\/redebeneditina.org.br\/pioxi\/?p=22539"},"modified":"2024-09-10T10:02:23","modified_gmt":"2024-09-10T13:02:23","slug":"doacoes-entregues-ao-lar-sao-jose","status":"publish","type":"post","link":"https:\/\/redebeneditina.org.br\/pioxi\/doacoes-entregues-ao-lar-sao-jose\/","title":{"rendered":"Doa\u00e7\u00f5es entregues ao Lar S\u00e3o Jos\u00e9"},"content":{"rendered":"<p>Os alimentos arrecadados na Mostra de Dan\u00e7a 2024 j\u00e1 foram entregues ao Lar S\u00e3o Jos\u00e9.<\/p>\n<p>Agradecemos o gesto concreto da nossa comunidade escolar.<\/p>\n<p>&nbsp;<\/p>\n","protected":false},"excerpt":{"rendered":"<p>Os alimentos arrecadados na Mostra de Dan\u00e7a 2024 j\u00e1 foram entregues ao Lar S\u00e3o Jos\u00e9. Agradecemos o gesto concreto da nossa comunidade escolar. &nbsp;<\/p>\n","protected":false},"author":4,"featured_media":22540,"comment_status":"closed","ping_status":"closed","sticky":false,"template":"","format":"standard","meta":{"_monsterinsights_skip_tracking":false,"_monsterinsights_sitenote_active":false,"_monsterinsights_sitenote_note":"","_monsterinsights_sitenote_category":0,"ngg_post_thumbnail":0,"footnotes":""},"categories":[106,88,89,90,91,82,95],"tags":[],"class_list":["post-22539","post","type-post","status-publish","format-standard","has-post-thumbnail","hentry","category-noticia-ano-2024","category-ed-infantil","category-ens-fund_i","category-ens-fund_ii","category-ens-medio","category-noticias","category-pastoral-escolar"],"_links":{"self":[{"href":"https:\/\/redebeneditina.org.br\/pioxi\/wp-json\/wp\/v2\/posts\/22539","targetHints":{"allow":["GET"]}}],"collection":[{"href":"https:\/\/redebeneditina.org.br\/pioxi\/wp-json\/wp\/v2\/posts"}],"about":[{"href":"https:\/\/redebeneditina.org.br\/pioxi\/wp-json\/wp\/v2\/types\/post"}],"author":[{"embeddable":true,"href":"https:\/\/redebeneditina.org.br\/pioxi\/wp-json\/wp\/v2\/users\/4"}],"replies":[{"embeddable":true,"href":"https:\/\/redebeneditina.org.br\/pioxi\/wp-json\/wp\/v2\/comments?post=22539"}],"version-history":[{"count":0,"href":"https:\/\/redebeneditina.org.br\/pioxi\/wp-json\/wp\/v2\/posts\/22539\/revisions"}],"wp:featuredmedia":[{"embeddable":true,"href":"https:\/\/redebeneditina.org.br\/pioxi\/wp-json\/wp\/v2\/media\/22540"}],"wp:attachment":[{"href":"https:\/\/redebeneditina.org.br\/pioxi\/wp-json\/wp\/v2\/media?parent=22539"}],"wp:term":[{"taxonomy":"category","embeddable":true,"href":"https:\/\/redebeneditina.org.br\/pioxi\/wp-json\/wp\/v2\/categories?post=22539"},{"taxonomy":"post_tag","embeddable":true,"href":"https:\/\/redebeneditina.org.br\/pioxi\/wp-json\/wp\/v2\/tags?post=22539"}],"curies":[{"name":"wp","href":"https:\/\/api.w.org\/{rel}","templated":true}]}}