{"id":23089,"date":"2024-09-13T18:17:24","date_gmt":"2024-09-13T21:17:24","guid":{"rendered":"https:\/\/redebeneditina.org.br\/pioxi\/?p=23089"},"modified":"2024-09-16T18:19:56","modified_gmt":"2024-09-16T21:19:56","slug":"capacitacao-para-atendimento-a-lei-lucas","status":"publish","type":"post","link":"https:\/\/redebeneditina.org.br\/pioxi\/capacitacao-para-atendimento-a-lei-lucas\/","title":{"rendered":"Capacita\u00e7\u00e3o para atendimento \u00e0 Lei Lucas"},"content":{"rendered":"<p>No dia 11\/09\/24, os nossos colaboradores participaram de um treinamento essencial sobre a Lei Lucas, com o objetivo de aprimorar o atendimento e a assist\u00eancia aos nossos alunos.<\/p>\n<p>O evento proporcionou conhecimentos valiosos e pr\u00e1ticas atualizadas para garantir um ambiente escolar mais seguro e eficiente para todos.<\/p>\nngg_shortcode_0_placeholder\n","protected":false},"excerpt":{"rendered":"<p>No dia 11\/09\/24, os nossos colaboradores participaram de um treinamento essencial sobre a Lei Lucas, com o objetivo de aprimorar o atendimento e a assist\u00eancia aos nossos alunos. O evento proporcionou conhecimentos valiosos e pr\u00e1ticas atualizadas para garantir um ambiente escolar mais seguro e eficiente para todos. &nbsp;<\/p>\n","protected":false},"author":4,"featured_media":23100,"comment_status":"closed","ping_status":"closed","sticky":false,"template":"","format":"standard","meta":{"_monsterinsights_skip_tracking":false,"_monsterinsights_sitenote_active":false,"_monsterinsights_sitenote_note":"","_monsterinsights_sitenote_category":0,"ngg_post_thumbnail":0,"footnotes":""},"categories":[106,88,89,90,91,82],"tags":[],"class_list":["post-23089","post","type-post","status-publish","format-standard","has-post-thumbnail","hentry","category-noticia-ano-2024","category-ed-infantil","category-ens-fund_i","category-ens-fund_ii","category-ens-medio","category-noticias"],"_links":{"self":[{"href":"https:\/\/redebeneditina.org.br\/pioxi\/wp-json\/wp\/v2\/posts\/23089","targetHints":{"allow":["GET"]}}],"collection":[{"href":"https:\/\/redebeneditina.org.br\/pioxi\/wp-json\/wp\/v2\/posts"}],"about":[{"href":"https:\/\/redebeneditina.org.br\/pioxi\/wp-json\/wp\/v2\/types\/post"}],"author":[{"embeddable":true,"href":"https:\/\/redebeneditina.org.br\/pioxi\/wp-json\/wp\/v2\/users\/4"}],"replies":[{"embeddable":true,"href":"https:\/\/redebeneditina.org.br\/pioxi\/wp-json\/wp\/v2\/comments?post=23089"}],"version-history":[{"count":0,"href":"https:\/\/redebeneditina.org.br\/pioxi\/wp-json\/wp\/v2\/posts\/23089\/revisions"}],"wp:featuredmedia":[{"embeddable":true,"href":"https:\/\/redebeneditina.org.br\/pioxi\/wp-json\/wp\/v2\/media\/23100"}],"wp:attachment":[{"href":"https:\/\/redebeneditina.org.br\/pioxi\/wp-json\/wp\/v2\/media?parent=23089"}],"wp:term":[{"taxonomy":"category","embeddable":true,"href":"https:\/\/redebeneditina.org.br\/pioxi\/wp-json\/wp\/v2\/categories?post=23089"},{"taxonomy":"post_tag","embeddable":true,"href":"https:\/\/redebeneditina.org.br\/pioxi\/wp-json\/wp\/v2\/tags?post=23089"}],"curies":[{"name":"wp","href":"https:\/\/api.w.org\/{rel}","templated":true}]}}