{"id":23598,"date":"2024-09-30T16:24:02","date_gmt":"2024-09-30T19:24:02","guid":{"rendered":"https:\/\/redebeneditina.org.br\/pioxi\/?p=23598"},"modified":"2024-09-30T16:24:52","modified_gmt":"2024-09-30T19:24:52","slug":"cartinha-aos-filhos-2o-ano","status":"publish","type":"post","link":"https:\/\/redebeneditina.org.br\/pioxi\/cartinha-aos-filhos-2o-ano\/","title":{"rendered":"Cartinha aos filhos &#8211; 2\u00ba ano"},"content":{"rendered":"<p>A finaliza\u00e7\u00e3o do 3\u00b0 bimestre recebeu uma aten\u00e7\u00e3o especial. As fam\u00edlias do EF2A participaram efetivamente deste momento, enviado a seus filhos uma cartinha de est\u00edmulo e carinho para incentivar os momentos de avalia\u00e7\u00e3o.<\/p>\n<p>Obrigada por fazerem parte desse momento de surpresa e alegria!<\/p>\nngg_shortcode_0_placeholder\n","protected":false},"excerpt":{"rendered":"<p>A finaliza\u00e7\u00e3o do 3\u00b0 bimestre recebeu uma aten\u00e7\u00e3o especial. As fam\u00edlias do EF2A participaram efetivamente deste momento, enviado a seus filhos uma cartinha de est\u00edmulo e carinho para incentivar os momentos de avalia\u00e7\u00e3o. Obrigada por fazerem parte desse momento de surpresa e alegria! &nbsp;<\/p>\n","protected":false},"author":4,"featured_media":23605,"comment_status":"closed","ping_status":"closed","sticky":false,"template":"","format":"standard","meta":{"_monsterinsights_skip_tracking":false,"_monsterinsights_sitenote_active":false,"_monsterinsights_sitenote_note":"","_monsterinsights_sitenote_category":0,"ngg_post_thumbnail":0,"footnotes":""},"categories":[106,89,82],"tags":[],"class_list":["post-23598","post","type-post","status-publish","format-standard","has-post-thumbnail","hentry","category-noticia-ano-2024","category-ens-fund_i","category-noticias"],"_links":{"self":[{"href":"https:\/\/redebeneditina.org.br\/pioxi\/wp-json\/wp\/v2\/posts\/23598","targetHints":{"allow":["GET"]}}],"collection":[{"href":"https:\/\/redebeneditina.org.br\/pioxi\/wp-json\/wp\/v2\/posts"}],"about":[{"href":"https:\/\/redebeneditina.org.br\/pioxi\/wp-json\/wp\/v2\/types\/post"}],"author":[{"embeddable":true,"href":"https:\/\/redebeneditina.org.br\/pioxi\/wp-json\/wp\/v2\/users\/4"}],"replies":[{"embeddable":true,"href":"https:\/\/redebeneditina.org.br\/pioxi\/wp-json\/wp\/v2\/comments?post=23598"}],"version-history":[{"count":0,"href":"https:\/\/redebeneditina.org.br\/pioxi\/wp-json\/wp\/v2\/posts\/23598\/revisions"}],"wp:featuredmedia":[{"embeddable":true,"href":"https:\/\/redebeneditina.org.br\/pioxi\/wp-json\/wp\/v2\/media\/23605"}],"wp:attachment":[{"href":"https:\/\/redebeneditina.org.br\/pioxi\/wp-json\/wp\/v2\/media?parent=23598"}],"wp:term":[{"taxonomy":"category","embeddable":true,"href":"https:\/\/redebeneditina.org.br\/pioxi\/wp-json\/wp\/v2\/categories?post=23598"},{"taxonomy":"post_tag","embeddable":true,"href":"https:\/\/redebeneditina.org.br\/pioxi\/wp-json\/wp\/v2\/tags?post=23598"}],"curies":[{"name":"wp","href":"https:\/\/api.w.org\/{rel}","templated":true}]}}