{"id":23994,"date":"2024-10-04T19:32:05","date_gmt":"2024-10-04T22:32:05","guid":{"rendered":"https:\/\/redebeneditina.org.br\/pioxi\/?p=23994"},"modified":"2024-10-07T19:42:34","modified_gmt":"2024-10-07T22:42:34","slug":"dia-do-anjo-2o-ano","status":"publish","type":"post","link":"https:\/\/redebeneditina.org.br\/pioxi\/dia-do-anjo-2o-ano\/","title":{"rendered":"Dia do Anjo &#8211; 2\u00ba ano"},"content":{"rendered":"<p>O EF2A comemorou o Dia do Anjo da Guardar em ora\u00e7\u00e3o.<\/p>\n<p>A turma esteve na capela para agradecer a Deus por nos guardar com a presen\u00e7a dos anjos.<\/p>\nngg_shortcode_0_placeholder\n","protected":false},"excerpt":{"rendered":"<p>O EF2A comemorou o Dia do Anjo da Guardar em ora\u00e7\u00e3o. A turma esteve na capela para agradecer a Deus por nos guardar com a presen\u00e7a dos anjos. &nbsp;<\/p>\n","protected":false},"author":4,"featured_media":23999,"comment_status":"closed","ping_status":"closed","sticky":false,"template":"","format":"standard","meta":{"_monsterinsights_skip_tracking":false,"_monsterinsights_sitenote_active":false,"_monsterinsights_sitenote_note":"","_monsterinsights_sitenote_category":0,"ngg_post_thumbnail":0,"footnotes":""},"categories":[106,89,82,95],"tags":[],"class_list":["post-23994","post","type-post","status-publish","format-standard","has-post-thumbnail","hentry","category-noticia-ano-2024","category-ens-fund_i","category-noticias","category-pastoral-escolar"],"_links":{"self":[{"href":"https:\/\/redebeneditina.org.br\/pioxi\/wp-json\/wp\/v2\/posts\/23994","targetHints":{"allow":["GET"]}}],"collection":[{"href":"https:\/\/redebeneditina.org.br\/pioxi\/wp-json\/wp\/v2\/posts"}],"about":[{"href":"https:\/\/redebeneditina.org.br\/pioxi\/wp-json\/wp\/v2\/types\/post"}],"author":[{"embeddable":true,"href":"https:\/\/redebeneditina.org.br\/pioxi\/wp-json\/wp\/v2\/users\/4"}],"replies":[{"embeddable":true,"href":"https:\/\/redebeneditina.org.br\/pioxi\/wp-json\/wp\/v2\/comments?post=23994"}],"version-history":[{"count":0,"href":"https:\/\/redebeneditina.org.br\/pioxi\/wp-json\/wp\/v2\/posts\/23994\/revisions"}],"wp:featuredmedia":[{"embeddable":true,"href":"https:\/\/redebeneditina.org.br\/pioxi\/wp-json\/wp\/v2\/media\/23999"}],"wp:attachment":[{"href":"https:\/\/redebeneditina.org.br\/pioxi\/wp-json\/wp\/v2\/media?parent=23994"}],"wp:term":[{"taxonomy":"category","embeddable":true,"href":"https:\/\/redebeneditina.org.br\/pioxi\/wp-json\/wp\/v2\/categories?post=23994"},{"taxonomy":"post_tag","embeddable":true,"href":"https:\/\/redebeneditina.org.br\/pioxi\/wp-json\/wp\/v2\/tags?post=23994"}],"curies":[{"name":"wp","href":"https:\/\/api.w.org\/{rel}","templated":true}]}}