{"id":24001,"date":"2024-10-04T19:34:40","date_gmt":"2024-10-04T22:34:40","guid":{"rendered":"https:\/\/redebeneditina.org.br\/pioxi\/?p=24001"},"modified":"2024-10-07T19:36:14","modified_gmt":"2024-10-07T22:36:14","slug":"dia-do-anjo-da-guarda-1o-ano-2","status":"publish","type":"post","link":"https:\/\/redebeneditina.org.br\/pioxi\/dia-do-anjo-da-guarda-1o-ano-2\/","title":{"rendered":"Dia do Anjo da Guarda &#8211; 1\u00ba Ano"},"content":{"rendered":"<p>No dia 02 de outubro, comemoramos o Dia do Anjo da Guarda, e as turmas do 1\u00ba Ano participaram de uma atividade especial. Eles criaram lindos sach\u00eas perfumados para celebrar essa data. Com muita criatividade, cada aluno personalizou seu sach\u00ea, simbolizando a prote\u00e7\u00e3o e o carinho dos anjos.<\/p>\n<p>Foi um momento de aprendizado e alegria, onde as crian\u00e7as puderam expressar sua gratid\u00e3o e amor pelos seus anjos da guarda!<\/p>\nngg_shortcode_0_placeholder\n","protected":false},"excerpt":{"rendered":"<p>No dia 02 de outubro, comemoramos o Dia do Anjo da Guarda, e as turmas do 1\u00ba Ano participaram de uma atividade especial. Eles criaram lindos sach\u00eas perfumados para celebrar essa data. Com muita criatividade, cada aluno personalizou seu sach\u00ea, simbolizando a prote\u00e7\u00e3o e o carinho dos anjos. Foi um momento de aprendizado e alegria,&#8230;<\/p>\n","protected":false},"author":4,"featured_media":24011,"comment_status":"closed","ping_status":"closed","sticky":false,"template":"","format":"standard","meta":{"_monsterinsights_skip_tracking":false,"_monsterinsights_sitenote_active":false,"_monsterinsights_sitenote_note":"","_monsterinsights_sitenote_category":0,"ngg_post_thumbnail":0,"footnotes":""},"categories":[106,89,82,95],"tags":[],"class_list":["post-24001","post","type-post","status-publish","format-standard","has-post-thumbnail","hentry","category-noticia-ano-2024","category-ens-fund_i","category-noticias","category-pastoral-escolar"],"_links":{"self":[{"href":"https:\/\/redebeneditina.org.br\/pioxi\/wp-json\/wp\/v2\/posts\/24001","targetHints":{"allow":["GET"]}}],"collection":[{"href":"https:\/\/redebeneditina.org.br\/pioxi\/wp-json\/wp\/v2\/posts"}],"about":[{"href":"https:\/\/redebeneditina.org.br\/pioxi\/wp-json\/wp\/v2\/types\/post"}],"author":[{"embeddable":true,"href":"https:\/\/redebeneditina.org.br\/pioxi\/wp-json\/wp\/v2\/users\/4"}],"replies":[{"embeddable":true,"href":"https:\/\/redebeneditina.org.br\/pioxi\/wp-json\/wp\/v2\/comments?post=24001"}],"version-history":[{"count":0,"href":"https:\/\/redebeneditina.org.br\/pioxi\/wp-json\/wp\/v2\/posts\/24001\/revisions"}],"wp:featuredmedia":[{"embeddable":true,"href":"https:\/\/redebeneditina.org.br\/pioxi\/wp-json\/wp\/v2\/media\/24011"}],"wp:attachment":[{"href":"https:\/\/redebeneditina.org.br\/pioxi\/wp-json\/wp\/v2\/media?parent=24001"}],"wp:term":[{"taxonomy":"category","embeddable":true,"href":"https:\/\/redebeneditina.org.br\/pioxi\/wp-json\/wp\/v2\/categories?post=24001"},{"taxonomy":"post_tag","embeddable":true,"href":"https:\/\/redebeneditina.org.br\/pioxi\/wp-json\/wp\/v2\/tags?post=24001"}],"curies":[{"name":"wp","href":"https:\/\/api.w.org\/{rel}","templated":true}]}}