{"id":24128,"date":"2024-10-18T10:42:51","date_gmt":"2024-10-18T13:42:51","guid":{"rendered":"https:\/\/redebeneditina.org.br\/pioxi\/?p=24128"},"modified":"2024-10-21T10:45:10","modified_gmt":"2024-10-21T13:45:10","slug":"dia-do-medico-com-ex-aluna-do-instituto-pio-xi","status":"publish","type":"post","link":"https:\/\/redebeneditina.org.br\/pioxi\/dia-do-medico-com-ex-aluna-do-instituto-pio-xi\/","title":{"rendered":"Dia do M\u00e9dico com ex-aluna do Instituto Pio XI"},"content":{"rendered":"<p>Hoje, 18 de outubro, Dia do M\u00e9dico, parabenizamos todos os profissionais da sa\u00fade, especialmente nossos ex-alunos que escolheram esta bela profiss\u00e3o!<br class=\"html-br\"><br class=\"html-br\">Um destaque especial para Mariane C. Prado, nossa ex-aluna, que teve seu trabalho selecionado para apresenta\u00e7\u00e3o no Congresso de Neurologia em Campinas. Parab\u00e9ns, Mariane!<br class=\"html-br\"><br class=\"html-br\">Temos muito orgulho de todos os alunos que passaram por nossa institui\u00e7\u00e3o e que hoje fazem diferen\u00e7a no mundo.<\/p>\n","protected":false},"excerpt":{"rendered":"<p>Hoje, 18 de outubro, Dia do M\u00e9dico, parabenizamos todos os profissionais da sa\u00fade, especialmente nossos ex-alunos que escolheram esta bela profiss\u00e3o!Um destaque especial para Mariane C. Prado, nossa ex-aluna, que teve seu trabalho selecionado para apresenta\u00e7\u00e3o no Congresso de Neurologia em Campinas. Parab\u00e9ns, Mariane!Temos muito orgulho de todos os alunos que passaram por nossa institui\u00e7\u00e3o&#8230;<\/p>\n","protected":false},"author":4,"featured_media":24129,"comment_status":"closed","ping_status":"closed","sticky":false,"template":"","format":"standard","meta":{"_monsterinsights_skip_tracking":false,"_monsterinsights_sitenote_active":false,"_monsterinsights_sitenote_note":"","_monsterinsights_sitenote_category":0,"ngg_post_thumbnail":0,"footnotes":""},"categories":[106,88,89,90,91,82],"tags":[],"class_list":["post-24128","post","type-post","status-publish","format-standard","has-post-thumbnail","hentry","category-noticia-ano-2024","category-ed-infantil","category-ens-fund_i","category-ens-fund_ii","category-ens-medio","category-noticias"],"_links":{"self":[{"href":"https:\/\/redebeneditina.org.br\/pioxi\/wp-json\/wp\/v2\/posts\/24128","targetHints":{"allow":["GET"]}}],"collection":[{"href":"https:\/\/redebeneditina.org.br\/pioxi\/wp-json\/wp\/v2\/posts"}],"about":[{"href":"https:\/\/redebeneditina.org.br\/pioxi\/wp-json\/wp\/v2\/types\/post"}],"author":[{"embeddable":true,"href":"https:\/\/redebeneditina.org.br\/pioxi\/wp-json\/wp\/v2\/users\/4"}],"replies":[{"embeddable":true,"href":"https:\/\/redebeneditina.org.br\/pioxi\/wp-json\/wp\/v2\/comments?post=24128"}],"version-history":[{"count":0,"href":"https:\/\/redebeneditina.org.br\/pioxi\/wp-json\/wp\/v2\/posts\/24128\/revisions"}],"wp:featuredmedia":[{"embeddable":true,"href":"https:\/\/redebeneditina.org.br\/pioxi\/wp-json\/wp\/v2\/media\/24129"}],"wp:attachment":[{"href":"https:\/\/redebeneditina.org.br\/pioxi\/wp-json\/wp\/v2\/media?parent=24128"}],"wp:term":[{"taxonomy":"category","embeddable":true,"href":"https:\/\/redebeneditina.org.br\/pioxi\/wp-json\/wp\/v2\/categories?post=24128"},{"taxonomy":"post_tag","embeddable":true,"href":"https:\/\/redebeneditina.org.br\/pioxi\/wp-json\/wp\/v2\/tags?post=24128"}],"curies":[{"name":"wp","href":"https:\/\/api.w.org\/{rel}","templated":true}]}}