{"id":24131,"date":"2024-10-21T10:46:25","date_gmt":"2024-10-21T13:46:25","guid":{"rendered":"https:\/\/redebeneditina.org.br\/pioxi\/?p=24131"},"modified":"2024-10-21T10:46:25","modified_gmt":"2024-10-21T13:46:25","slug":"missa-em-acao-de-gracas-pelo-jubileu-de-175-anos-ibdp","status":"publish","type":"post","link":"https:\/\/redebeneditina.org.br\/pioxi\/missa-em-acao-de-gracas-pelo-jubileu-de-175-anos-ibdp\/","title":{"rendered":"Missa em A\u00e7\u00e3o de Gra\u00e7as pelo Jubileu de 175 anos &#8211; IBDP"},"content":{"rendered":"<p>Toda a Comunidade Escolar est\u00e1 convidada a participar conosco.<\/p>\n","protected":false},"excerpt":{"rendered":"<p>Toda a Comunidade Escolar est\u00e1 convidada a participar conosco.<\/p>\n","protected":false},"author":4,"featured_media":24132,"comment_status":"closed","ping_status":"closed","sticky":false,"template":"","format":"standard","meta":{"_monsterinsights_skip_tracking":false,"_monsterinsights_sitenote_active":false,"_monsterinsights_sitenote_note":"","_monsterinsights_sitenote_category":0,"ngg_post_thumbnail":0,"footnotes":""},"categories":[106,88,89,90,91,82,95],"tags":[],"class_list":["post-24131","post","type-post","status-publish","format-standard","has-post-thumbnail","hentry","category-noticia-ano-2024","category-ed-infantil","category-ens-fund_i","category-ens-fund_ii","category-ens-medio","category-noticias","category-pastoral-escolar"],"_links":{"self":[{"href":"https:\/\/redebeneditina.org.br\/pioxi\/wp-json\/wp\/v2\/posts\/24131","targetHints":{"allow":["GET"]}}],"collection":[{"href":"https:\/\/redebeneditina.org.br\/pioxi\/wp-json\/wp\/v2\/posts"}],"about":[{"href":"https:\/\/redebeneditina.org.br\/pioxi\/wp-json\/wp\/v2\/types\/post"}],"author":[{"embeddable":true,"href":"https:\/\/redebeneditina.org.br\/pioxi\/wp-json\/wp\/v2\/users\/4"}],"replies":[{"embeddable":true,"href":"https:\/\/redebeneditina.org.br\/pioxi\/wp-json\/wp\/v2\/comments?post=24131"}],"version-history":[{"count":0,"href":"https:\/\/redebeneditina.org.br\/pioxi\/wp-json\/wp\/v2\/posts\/24131\/revisions"}],"wp:featuredmedia":[{"embeddable":true,"href":"https:\/\/redebeneditina.org.br\/pioxi\/wp-json\/wp\/v2\/media\/24132"}],"wp:attachment":[{"href":"https:\/\/redebeneditina.org.br\/pioxi\/wp-json\/wp\/v2\/media?parent=24131"}],"wp:term":[{"taxonomy":"category","embeddable":true,"href":"https:\/\/redebeneditina.org.br\/pioxi\/wp-json\/wp\/v2\/categories?post=24131"},{"taxonomy":"post_tag","embeddable":true,"href":"https:\/\/redebeneditina.org.br\/pioxi\/wp-json\/wp\/v2\/tags?post=24131"}],"curies":[{"name":"wp","href":"https:\/\/api.w.org\/{rel}","templated":true}]}}