{"id":24134,"date":"2024-10-19T10:49:37","date_gmt":"2024-10-19T13:49:37","guid":{"rendered":"https:\/\/redebeneditina.org.br\/pioxi\/?p=24134"},"modified":"2024-10-21T10:54:32","modified_gmt":"2024-10-21T13:54:32","slug":"gratidao-dia-do-professor-no-instituto-pio-xi","status":"publish","type":"post","link":"https:\/\/redebeneditina.org.br\/pioxi\/gratidao-dia-do-professor-no-instituto-pio-xi\/","title":{"rendered":"Gratid\u00e3o pelo Dia do Professor no Instituto Pio XI"},"content":{"rendered":"<p>Encerramos nossa semana dedicada aos professores com o cora\u00e7\u00e3o cheio de gratid\u00e3o!<\/p>\n<p>Agradecemos a cada um de voc\u00eas, integrantes do nosso corpo docente, por sua dedica\u00e7\u00e3o e paix\u00e3o em transformar vidas atrav\u00e9s da educa\u00e7\u00e3o.<\/p>\n<p>Confira o v\u00eddeo no nosso Instagram: <a href=\"https:\/\/www.instagram.com\/p\/DBRp3TqxR9-\/\">https:\/\/www.instagram.com\/p\/DBRp3TqxR9-\/<\/a><\/p>\n","protected":false},"excerpt":{"rendered":"<p>Encerramos nossa semana dedicada aos professores com o cora\u00e7\u00e3o cheio de gratid\u00e3o! Agradecemos a cada um de voc\u00eas, integrantes do nosso corpo docente, por sua dedica\u00e7\u00e3o e paix\u00e3o em transformar vidas atrav\u00e9s da educa\u00e7\u00e3o. Confira o v\u00eddeo no nosso Instagram: https:\/\/www.instagram.com\/p\/DBRp3TqxR9-\/<\/p>\n","protected":false},"author":4,"featured_media":24135,"comment_status":"closed","ping_status":"closed","sticky":false,"template":"","format":"standard","meta":{"_monsterinsights_skip_tracking":false,"_monsterinsights_sitenote_active":false,"_monsterinsights_sitenote_note":"","_monsterinsights_sitenote_category":0,"ngg_post_thumbnail":0,"footnotes":""},"categories":[106,88,89,90,91,82],"tags":[],"class_list":["post-24134","post","type-post","status-publish","format-standard","has-post-thumbnail","hentry","category-noticia-ano-2024","category-ed-infantil","category-ens-fund_i","category-ens-fund_ii","category-ens-medio","category-noticias"],"_links":{"self":[{"href":"https:\/\/redebeneditina.org.br\/pioxi\/wp-json\/wp\/v2\/posts\/24134","targetHints":{"allow":["GET"]}}],"collection":[{"href":"https:\/\/redebeneditina.org.br\/pioxi\/wp-json\/wp\/v2\/posts"}],"about":[{"href":"https:\/\/redebeneditina.org.br\/pioxi\/wp-json\/wp\/v2\/types\/post"}],"author":[{"embeddable":true,"href":"https:\/\/redebeneditina.org.br\/pioxi\/wp-json\/wp\/v2\/users\/4"}],"replies":[{"embeddable":true,"href":"https:\/\/redebeneditina.org.br\/pioxi\/wp-json\/wp\/v2\/comments?post=24134"}],"version-history":[{"count":0,"href":"https:\/\/redebeneditina.org.br\/pioxi\/wp-json\/wp\/v2\/posts\/24134\/revisions"}],"wp:featuredmedia":[{"embeddable":true,"href":"https:\/\/redebeneditina.org.br\/pioxi\/wp-json\/wp\/v2\/media\/24135"}],"wp:attachment":[{"href":"https:\/\/redebeneditina.org.br\/pioxi\/wp-json\/wp\/v2\/media?parent=24134"}],"wp:term":[{"taxonomy":"category","embeddable":true,"href":"https:\/\/redebeneditina.org.br\/pioxi\/wp-json\/wp\/v2\/categories?post=24134"},{"taxonomy":"post_tag","embeddable":true,"href":"https:\/\/redebeneditina.org.br\/pioxi\/wp-json\/wp\/v2\/tags?post=24134"}],"curies":[{"name":"wp","href":"https:\/\/api.w.org\/{rel}","templated":true}]}}