{"id":24184,"date":"2024-10-30T08:19:31","date_gmt":"2024-10-30T11:19:31","guid":{"rendered":"https:\/\/redebeneditina.org.br\/pioxi\/?p=24184"},"modified":"2024-10-30T08:19:31","modified_gmt":"2024-10-30T11:19:31","slug":"missa-pelos-175-anos-da-congregacao-das-irmas-beneditinas-da-divina-providencia","status":"publish","type":"post","link":"https:\/\/redebeneditina.org.br\/pioxi\/missa-pelos-175-anos-da-congregacao-das-irmas-beneditinas-da-divina-providencia\/","title":{"rendered":"Missa pelos 175 anos da Congrega\u00e7\u00e3o das Irm\u00e3s Beneditinas da Divina Provid\u00eancia"},"content":{"rendered":"<p>Querida comunidade do Instituto Pio XI,<\/p>\n<p>Hoje, queremos expressar nossa profunda gratid\u00e3o a todos que participaram da missa em celebra\u00e7\u00e3o aos 175 anos da Congrega\u00e7\u00e3o das Irm\u00e3s Beneditinas da Divina Provid\u00eancia, realizada em 27 de outubro.<\/p>\n<p>Foi um momento especial de uni\u00e3o, f\u00e9 e agradecimento pelo legado e pela dedica\u00e7\u00e3o dessas irm\u00e3s, que h\u00e1 tantos anos nos guiam e inspiram com seus valores e ensinamentos. A presen\u00e7a de cada um de voc\u00eas fez toda a diferen\u00e7a, transformando essa celebra\u00e7\u00e3o em um verdadeiro ato de amor e gratid\u00e3o.<\/p>\n<p>Agradecemos a todos os alunos, pais, professores e colaboradores que contribu\u00edram para tornar esse evento memor\u00e1vel. Que possamos continuar juntos nessa jornada de aprendizado e espiritualidade, seguindo os passos dessas mulheres incr\u00edveis.<\/p>\nngg_shortcode_0_placeholder\n","protected":false},"excerpt":{"rendered":"<p>Querida comunidade do Instituto Pio XI, Hoje, queremos expressar nossa profunda gratid\u00e3o a todos que participaram da missa em celebra\u00e7\u00e3o aos 175 anos da Congrega\u00e7\u00e3o das Irm\u00e3s Beneditinas da Divina Provid\u00eancia, realizada em 27 de outubro. Foi um momento especial de uni\u00e3o, f\u00e9 e agradecimento pelo legado e pela dedica\u00e7\u00e3o dessas irm\u00e3s, que h\u00e1 tantos&#8230;<\/p>\n","protected":false},"author":4,"featured_media":24256,"comment_status":"closed","ping_status":"closed","sticky":false,"template":"","format":"standard","meta":{"_monsterinsights_skip_tracking":false,"_monsterinsights_sitenote_active":false,"_monsterinsights_sitenote_note":"","_monsterinsights_sitenote_category":0,"ngg_post_thumbnail":0,"footnotes":""},"categories":[106,88,89,90,91,82,95],"tags":[],"class_list":["post-24184","post","type-post","status-publish","format-standard","has-post-thumbnail","hentry","category-noticia-ano-2024","category-ed-infantil","category-ens-fund_i","category-ens-fund_ii","category-ens-medio","category-noticias","category-pastoral-escolar"],"_links":{"self":[{"href":"https:\/\/redebeneditina.org.br\/pioxi\/wp-json\/wp\/v2\/posts\/24184","targetHints":{"allow":["GET"]}}],"collection":[{"href":"https:\/\/redebeneditina.org.br\/pioxi\/wp-json\/wp\/v2\/posts"}],"about":[{"href":"https:\/\/redebeneditina.org.br\/pioxi\/wp-json\/wp\/v2\/types\/post"}],"author":[{"embeddable":true,"href":"https:\/\/redebeneditina.org.br\/pioxi\/wp-json\/wp\/v2\/users\/4"}],"replies":[{"embeddable":true,"href":"https:\/\/redebeneditina.org.br\/pioxi\/wp-json\/wp\/v2\/comments?post=24184"}],"version-history":[{"count":0,"href":"https:\/\/redebeneditina.org.br\/pioxi\/wp-json\/wp\/v2\/posts\/24184\/revisions"}],"wp:featuredmedia":[{"embeddable":true,"href":"https:\/\/redebeneditina.org.br\/pioxi\/wp-json\/wp\/v2\/media\/24256"}],"wp:attachment":[{"href":"https:\/\/redebeneditina.org.br\/pioxi\/wp-json\/wp\/v2\/media?parent=24184"}],"wp:term":[{"taxonomy":"category","embeddable":true,"href":"https:\/\/redebeneditina.org.br\/pioxi\/wp-json\/wp\/v2\/categories?post=24184"},{"taxonomy":"post_tag","embeddable":true,"href":"https:\/\/redebeneditina.org.br\/pioxi\/wp-json\/wp\/v2\/tags?post=24184"}],"curies":[{"name":"wp","href":"https:\/\/api.w.org\/{rel}","templated":true}]}}