{"id":24258,"date":"2024-10-30T08:24:32","date_gmt":"2024-10-30T11:24:32","guid":{"rendered":"https:\/\/redebeneditina.org.br\/pioxi\/?p=24258"},"modified":"2024-10-30T08:24:32","modified_gmt":"2024-10-30T11:24:32","slug":"projeto-petropolis-8o-ano","status":"publish","type":"post","link":"https:\/\/redebeneditina.org.br\/pioxi\/projeto-petropolis-8o-ano\/","title":{"rendered":"Projeto Petr\u00f3polis &#8211; 8\u00ba ano"},"content":{"rendered":"<p>Visitar Petr\u00f3polis \u00e9 conhecer uma das mais belas e importantes cidades do contexto hist\u00f3rico nacional, lugar muito admirado pela Fam\u00edlia Imperial.<\/p>\n<p>Para enriquecer os conhecimentos dos nossos educandos, realizamos esse Passeio Cultural com o 8\u00ba ano do Ensino Fundamental.<\/p>\n<p>Nossa visita, orientada por um guia local, incluiu os seguintes locais:<\/p>\n<p>&#8211; Casa de Santos Dumont<br \/>\n&#8211; Museu Imperial<br \/>\n&#8211; Rel\u00f3gio das Flores<br \/>\n&#8211; Catedral de S\u00e3o Pedro de Alc\u00e2ntara<br \/>\n&#8211; Pal\u00e1cio de Cristal<br \/>\n&#8211; Hotel Quitandinha<\/p>\n<p>&nbsp;<\/p>\n","protected":false},"excerpt":{"rendered":"<p>Visitar Petr\u00f3polis \u00e9 conhecer uma das mais belas e importantes cidades do contexto hist\u00f3rico nacional, lugar muito admirado pela Fam\u00edlia Imperial. Para enriquecer os conhecimentos dos nossos educandos, realizamos esse Passeio Cultural com o 8\u00ba ano do Ensino Fundamental. Nossa visita, orientada por um guia local, incluiu os seguintes locais: &#8211; Casa de Santos Dumont&#8230;<\/p>\n","protected":false},"author":4,"featured_media":24267,"comment_status":"closed","ping_status":"closed","sticky":false,"template":"","format":"standard","meta":{"_monsterinsights_skip_tracking":false,"_monsterinsights_sitenote_active":false,"_monsterinsights_sitenote_note":"","_monsterinsights_sitenote_category":0,"ngg_post_thumbnail":0,"footnotes":""},"categories":[106,90,82],"tags":[],"class_list":["post-24258","post","type-post","status-publish","format-standard","has-post-thumbnail","hentry","category-noticia-ano-2024","category-ens-fund_ii","category-noticias"],"_links":{"self":[{"href":"https:\/\/redebeneditina.org.br\/pioxi\/wp-json\/wp\/v2\/posts\/24258","targetHints":{"allow":["GET"]}}],"collection":[{"href":"https:\/\/redebeneditina.org.br\/pioxi\/wp-json\/wp\/v2\/posts"}],"about":[{"href":"https:\/\/redebeneditina.org.br\/pioxi\/wp-json\/wp\/v2\/types\/post"}],"author":[{"embeddable":true,"href":"https:\/\/redebeneditina.org.br\/pioxi\/wp-json\/wp\/v2\/users\/4"}],"replies":[{"embeddable":true,"href":"https:\/\/redebeneditina.org.br\/pioxi\/wp-json\/wp\/v2\/comments?post=24258"}],"version-history":[{"count":0,"href":"https:\/\/redebeneditina.org.br\/pioxi\/wp-json\/wp\/v2\/posts\/24258\/revisions"}],"wp:featuredmedia":[{"embeddable":true,"href":"https:\/\/redebeneditina.org.br\/pioxi\/wp-json\/wp\/v2\/media\/24267"}],"wp:attachment":[{"href":"https:\/\/redebeneditina.org.br\/pioxi\/wp-json\/wp\/v2\/media?parent=24258"}],"wp:term":[{"taxonomy":"category","embeddable":true,"href":"https:\/\/redebeneditina.org.br\/pioxi\/wp-json\/wp\/v2\/categories?post=24258"},{"taxonomy":"post_tag","embeddable":true,"href":"https:\/\/redebeneditina.org.br\/pioxi\/wp-json\/wp\/v2\/tags?post=24258"}],"curies":[{"name":"wp","href":"https:\/\/api.w.org\/{rel}","templated":true}]}}