{"id":24538,"date":"2024-10-30T19:26:36","date_gmt":"2024-10-30T22:26:36","guid":{"rendered":"https:\/\/redebeneditina.org.br\/pioxi\/?p=24538"},"modified":"2024-10-30T19:28:56","modified_gmt":"2024-10-30T22:28:56","slug":"mostra-de-danca-2024","status":"publish","type":"post","link":"https:\/\/redebeneditina.org.br\/pioxi\/mostra-de-danca-2024\/","title":{"rendered":"Mostra de Dan\u00e7a 2024"},"content":{"rendered":"<p>Confira o \u00e1lbum de fotos da Mostra de Dan\u00e7a 2024 que teve como tema neste ano &#8220;Olimp\u00edada &#8211; A jornada da supera\u00e7\u00e3o&#8221;.<\/p>\nngg_shortcode_0_placeholder\n","protected":false},"excerpt":{"rendered":"<p>Confira o \u00e1lbum de fotos da Mostra de Dan\u00e7a 2024 que teve como tema neste ano &#8220;Olimp\u00edada &#8211; A jornada da supera\u00e7\u00e3o&#8221;.<\/p>\n","protected":false},"author":4,"featured_media":24540,"comment_status":"closed","ping_status":"closed","sticky":false,"template":"","format":"standard","meta":{"_monsterinsights_skip_tracking":false,"_monsterinsights_sitenote_active":false,"_monsterinsights_sitenote_note":"","_monsterinsights_sitenote_category":0,"ngg_post_thumbnail":0,"footnotes":""},"categories":[106,90,91,82],"tags":[],"class_list":["post-24538","post","type-post","status-publish","format-standard","has-post-thumbnail","hentry","category-noticia-ano-2024","category-ens-fund_ii","category-ens-medio","category-noticias"],"_links":{"self":[{"href":"https:\/\/redebeneditina.org.br\/pioxi\/wp-json\/wp\/v2\/posts\/24538","targetHints":{"allow":["GET"]}}],"collection":[{"href":"https:\/\/redebeneditina.org.br\/pioxi\/wp-json\/wp\/v2\/posts"}],"about":[{"href":"https:\/\/redebeneditina.org.br\/pioxi\/wp-json\/wp\/v2\/types\/post"}],"author":[{"embeddable":true,"href":"https:\/\/redebeneditina.org.br\/pioxi\/wp-json\/wp\/v2\/users\/4"}],"replies":[{"embeddable":true,"href":"https:\/\/redebeneditina.org.br\/pioxi\/wp-json\/wp\/v2\/comments?post=24538"}],"version-history":[{"count":0,"href":"https:\/\/redebeneditina.org.br\/pioxi\/wp-json\/wp\/v2\/posts\/24538\/revisions"}],"wp:featuredmedia":[{"embeddable":true,"href":"https:\/\/redebeneditina.org.br\/pioxi\/wp-json\/wp\/v2\/media\/24540"}],"wp:attachment":[{"href":"https:\/\/redebeneditina.org.br\/pioxi\/wp-json\/wp\/v2\/media?parent=24538"}],"wp:term":[{"taxonomy":"category","embeddable":true,"href":"https:\/\/redebeneditina.org.br\/pioxi\/wp-json\/wp\/v2\/categories?post=24538"},{"taxonomy":"post_tag","embeddable":true,"href":"https:\/\/redebeneditina.org.br\/pioxi\/wp-json\/wp\/v2\/tags?post=24538"}],"curies":[{"name":"wp","href":"https:\/\/api.w.org\/{rel}","templated":true}]}}