{"id":25098,"date":"2024-10-31T08:39:50","date_gmt":"2024-10-31T11:39:50","guid":{"rendered":"https:\/\/redebeneditina.org.br\/pioxi\/?p=25098"},"modified":"2024-10-31T08:39:50","modified_gmt":"2024-10-31T11:39:50","slug":"semana-da-crianca-2024","status":"publish","type":"post","link":"https:\/\/redebeneditina.org.br\/pioxi\/semana-da-crianca-2024\/","title":{"rendered":"Semana da Crian\u00e7a 2024"},"content":{"rendered":"<p>N\u00e3o perca os registros do \u00e1lbum de fotos da Semana da Crian\u00e7a no Instituto Pio XI com momentos especiais, sorrisos e muita divers\u00e3o!&nbsp;&nbsp;<\/p>\n<ul>\n<li><a href=\"https:\/\/redebeneditina.org.br\/pioxi\/abertura-da-semana-da-crianca\/\">Abertura da Semana da Crian\u00e7a<\/a><\/li>\n<li><a href=\"https:\/\/redebeneditina.org.br\/pioxi\/semana-da-crianca-maternal-ii\/\">Semana da Crian\u00e7a \u2013 Maternal II<\/a><\/li>\n<li><a href=\"https:\/\/redebeneditina.org.br\/pioxi\/semana-da-crianca-pre-i\/\">Semana da Crian\u00e7a \u2013 Pr\u00e9 I<\/a><\/li>\n<li><a href=\"https:\/\/redebeneditina.org.br\/pioxi\/semana-da-crianca-pre-ii\/\">Semana da Crian\u00e7a \u2013 Pr\u00e9 II<\/a><\/li>\n<li><a href=\"https:\/\/redebeneditina.org.br\/pioxi\/semana-da-crianca-1o-ano\/\">Semana da Crian\u00e7a \u2013 1\u00ba ano<\/a><\/li>\n<li><a href=\"https:\/\/redebeneditina.org.br\/pioxi\/semana-da-crianca-2o-ano\/\">Semana da Crian\u00e7a \u2013 2\u00ba ano<\/a><\/li>\n<li><a href=\"https:\/\/redebeneditina.org.br\/pioxi\/semana-da-crianca-3o-ano\/\">Semana da Crian\u00e7a \u2013 3\u00ba ano<\/a><\/li>\n<li><a href=\"https:\/\/redebeneditina.org.br\/pioxi\/semana-da-crianca-4o-ano\/\">Semana da Crian\u00e7a \u2013 4\u00ba ano<\/a><\/li>\n<li><a href=\"https:\/\/redebeneditina.org.br\/pioxi\/semana-da-crianca-5o-ano\/\">Semana da Crian\u00e7a \u2013 5\u00ba ano<\/a><\/li>\n<\/ul>\n<p>&nbsp;<\/p>\n","protected":false},"excerpt":{"rendered":"<p>N\u00e3o perca os registros do \u00e1lbum de fotos da Semana da Crian\u00e7a no Instituto Pio XI com momentos especiais, sorrisos e muita divers\u00e3o!&nbsp;&nbsp; Abertura da Semana da Crian\u00e7a Semana da Crian\u00e7a \u2013 Maternal II Semana da Crian\u00e7a \u2013 Pr\u00e9 I Semana da Crian\u00e7a \u2013 Pr\u00e9 II Semana da Crian\u00e7a \u2013 1\u00ba ano Semana da Crian\u00e7a&#8230;<\/p>\n","protected":false},"author":4,"featured_media":25099,"comment_status":"closed","ping_status":"closed","sticky":false,"template":"","format":"standard","meta":{"_monsterinsights_skip_tracking":false,"_monsterinsights_sitenote_active":false,"_monsterinsights_sitenote_note":"","_monsterinsights_sitenote_category":0,"ngg_post_thumbnail":0,"footnotes":""},"categories":[106,88,89,82],"tags":[],"class_list":["post-25098","post","type-post","status-publish","format-standard","has-post-thumbnail","hentry","category-noticia-ano-2024","category-ed-infantil","category-ens-fund_i","category-noticias"],"_links":{"self":[{"href":"https:\/\/redebeneditina.org.br\/pioxi\/wp-json\/wp\/v2\/posts\/25098","targetHints":{"allow":["GET"]}}],"collection":[{"href":"https:\/\/redebeneditina.org.br\/pioxi\/wp-json\/wp\/v2\/posts"}],"about":[{"href":"https:\/\/redebeneditina.org.br\/pioxi\/wp-json\/wp\/v2\/types\/post"}],"author":[{"embeddable":true,"href":"https:\/\/redebeneditina.org.br\/pioxi\/wp-json\/wp\/v2\/users\/4"}],"replies":[{"embeddable":true,"href":"https:\/\/redebeneditina.org.br\/pioxi\/wp-json\/wp\/v2\/comments?post=25098"}],"version-history":[{"count":0,"href":"https:\/\/redebeneditina.org.br\/pioxi\/wp-json\/wp\/v2\/posts\/25098\/revisions"}],"wp:featuredmedia":[{"embeddable":true,"href":"https:\/\/redebeneditina.org.br\/pioxi\/wp-json\/wp\/v2\/media\/25099"}],"wp:attachment":[{"href":"https:\/\/redebeneditina.org.br\/pioxi\/wp-json\/wp\/v2\/media?parent=25098"}],"wp:term":[{"taxonomy":"category","embeddable":true,"href":"https:\/\/redebeneditina.org.br\/pioxi\/wp-json\/wp\/v2\/categories?post=25098"},{"taxonomy":"post_tag","embeddable":true,"href":"https:\/\/redebeneditina.org.br\/pioxi\/wp-json\/wp\/v2\/tags?post=25098"}],"curies":[{"name":"wp","href":"https:\/\/api.w.org\/{rel}","templated":true}]}}