{"id":25104,"date":"2024-10-31T16:20:47","date_gmt":"2024-10-31T19:20:47","guid":{"rendered":"https:\/\/redebeneditina.org.br\/pioxi\/?p=25104"},"modified":"2024-10-31T16:20:47","modified_gmt":"2024-10-31T19:20:47","slug":"olimpiada-de-esporte","status":"publish","type":"post","link":"https:\/\/redebeneditina.org.br\/pioxi\/olimpiada-de-esporte\/","title":{"rendered":"Olimp\u00edada de Esporte"},"content":{"rendered":"<p>De 7\/11 a 14\/11 teremos a Olimp\u00edada de Esporte para os alunos do EF6 ao NEM.<\/p>\n<p>Informa\u00e7\u00f5es na Agenda Edu.<\/p>\n<p>&nbsp;<\/p>\n","protected":false},"excerpt":{"rendered":"<p>De 7\/11 a 14\/11 teremos a Olimp\u00edada de Esporte para os alunos do EF6 ao NEM. Informa\u00e7\u00f5es na Agenda Edu. &nbsp;<\/p>\n","protected":false},"author":4,"featured_media":25105,"comment_status":"closed","ping_status":"closed","sticky":false,"template":"","format":"standard","meta":{"_monsterinsights_skip_tracking":false,"_monsterinsights_sitenote_active":false,"_monsterinsights_sitenote_note":"","_monsterinsights_sitenote_category":0,"ngg_post_thumbnail":0,"footnotes":""},"categories":[106,90,91,82],"tags":[],"class_list":["post-25104","post","type-post","status-publish","format-standard","has-post-thumbnail","hentry","category-noticia-ano-2024","category-ens-fund_ii","category-ens-medio","category-noticias"],"_links":{"self":[{"href":"https:\/\/redebeneditina.org.br\/pioxi\/wp-json\/wp\/v2\/posts\/25104","targetHints":{"allow":["GET"]}}],"collection":[{"href":"https:\/\/redebeneditina.org.br\/pioxi\/wp-json\/wp\/v2\/posts"}],"about":[{"href":"https:\/\/redebeneditina.org.br\/pioxi\/wp-json\/wp\/v2\/types\/post"}],"author":[{"embeddable":true,"href":"https:\/\/redebeneditina.org.br\/pioxi\/wp-json\/wp\/v2\/users\/4"}],"replies":[{"embeddable":true,"href":"https:\/\/redebeneditina.org.br\/pioxi\/wp-json\/wp\/v2\/comments?post=25104"}],"version-history":[{"count":0,"href":"https:\/\/redebeneditina.org.br\/pioxi\/wp-json\/wp\/v2\/posts\/25104\/revisions"}],"wp:featuredmedia":[{"embeddable":true,"href":"https:\/\/redebeneditina.org.br\/pioxi\/wp-json\/wp\/v2\/media\/25105"}],"wp:attachment":[{"href":"https:\/\/redebeneditina.org.br\/pioxi\/wp-json\/wp\/v2\/media?parent=25104"}],"wp:term":[{"taxonomy":"category","embeddable":true,"href":"https:\/\/redebeneditina.org.br\/pioxi\/wp-json\/wp\/v2\/categories?post=25104"},{"taxonomy":"post_tag","embeddable":true,"href":"https:\/\/redebeneditina.org.br\/pioxi\/wp-json\/wp\/v2\/tags?post=25104"}],"curies":[{"name":"wp","href":"https:\/\/api.w.org\/{rel}","templated":true}]}}