{"id":25114,"date":"2024-11-04T08:18:51","date_gmt":"2024-11-04T11:18:51","guid":{"rendered":"https:\/\/redebeneditina.org.br\/pioxi\/?p=25114"},"modified":"2024-11-04T08:18:51","modified_gmt":"2024-11-04T11:18:51","slug":"niteroi-historica-7o-ano","status":"publish","type":"post","link":"https:\/\/redebeneditina.org.br\/pioxi\/niteroi-historica-7o-ano\/","title":{"rendered":"Niter\u00f3i Hist\u00f3rica &#8211; 7\u00ba ano"},"content":{"rendered":"<p>Os alunos do 7\u00ba ano foram a aula passeio: NITER\u00d3I HIST\u00d3RICA. L\u00e1 conheceram as hist\u00f3rias e curiosidades da cidade de Niter\u00f3i , conhecida como Cidade Sorriso.<\/p>\n<p>Come\u00e7aram a aventura pela Igreja de S\u00e3o Louren\u00e7o dos \u00cdndios, local de funda\u00e7\u00e3o da cidade. Logo ap\u00f3s, visitaram o complexo do caminho Niemeyer, com o Teatro Popular, Memorial Roberto Silveira e &nbsp;Funda\u00e7\u00e3o Oscar Niemeyer. Ap\u00f3s um maravilhoso almo\u00e7o, visitaram o Museu de Arte Contempor\u00e2nea e a Fortaleza de Santa Cruz da Barra.<\/p>\n<p>A aula passeio foi uma prazerosa forma de aprender um pouco mais da hist\u00f3ria do Rio de Janeiro.<\/p>\nngg_shortcode_0_placeholder\n","protected":false},"excerpt":{"rendered":"<p>Os alunos do 7\u00ba ano foram a aula passeio: NITER\u00d3I HIST\u00d3RICA. L\u00e1 conheceram as hist\u00f3rias e curiosidades da cidade de Niter\u00f3i , conhecida como Cidade Sorriso. Come\u00e7aram a aventura pela Igreja de S\u00e3o Louren\u00e7o dos \u00cdndios, local de funda\u00e7\u00e3o da cidade. Logo ap\u00f3s, visitaram o complexo do caminho Niemeyer, com o Teatro Popular, Memorial Roberto&#8230;<\/p>\n","protected":false},"author":4,"featured_media":25134,"comment_status":"closed","ping_status":"closed","sticky":false,"template":"","format":"standard","meta":{"_monsterinsights_skip_tracking":false,"_monsterinsights_sitenote_active":false,"_monsterinsights_sitenote_note":"","_monsterinsights_sitenote_category":0,"ngg_post_thumbnail":0,"footnotes":""},"categories":[106,90,82],"tags":[],"class_list":["post-25114","post","type-post","status-publish","format-standard","has-post-thumbnail","hentry","category-noticia-ano-2024","category-ens-fund_ii","category-noticias"],"_links":{"self":[{"href":"https:\/\/redebeneditina.org.br\/pioxi\/wp-json\/wp\/v2\/posts\/25114","targetHints":{"allow":["GET"]}}],"collection":[{"href":"https:\/\/redebeneditina.org.br\/pioxi\/wp-json\/wp\/v2\/posts"}],"about":[{"href":"https:\/\/redebeneditina.org.br\/pioxi\/wp-json\/wp\/v2\/types\/post"}],"author":[{"embeddable":true,"href":"https:\/\/redebeneditina.org.br\/pioxi\/wp-json\/wp\/v2\/users\/4"}],"replies":[{"embeddable":true,"href":"https:\/\/redebeneditina.org.br\/pioxi\/wp-json\/wp\/v2\/comments?post=25114"}],"version-history":[{"count":0,"href":"https:\/\/redebeneditina.org.br\/pioxi\/wp-json\/wp\/v2\/posts\/25114\/revisions"}],"wp:featuredmedia":[{"embeddable":true,"href":"https:\/\/redebeneditina.org.br\/pioxi\/wp-json\/wp\/v2\/media\/25134"}],"wp:attachment":[{"href":"https:\/\/redebeneditina.org.br\/pioxi\/wp-json\/wp\/v2\/media?parent=25114"}],"wp:term":[{"taxonomy":"category","embeddable":true,"href":"https:\/\/redebeneditina.org.br\/pioxi\/wp-json\/wp\/v2\/categories?post=25114"},{"taxonomy":"post_tag","embeddable":true,"href":"https:\/\/redebeneditina.org.br\/pioxi\/wp-json\/wp\/v2\/tags?post=25114"}],"curies":[{"name":"wp","href":"https:\/\/api.w.org\/{rel}","templated":true}]}}