{"id":25136,"date":"2024-11-04T15:51:44","date_gmt":"2024-11-04T18:51:44","guid":{"rendered":"https:\/\/redebeneditina.org.br\/pioxi\/?p=25136"},"modified":"2024-11-04T15:51:44","modified_gmt":"2024-11-04T18:51:44","slug":"contacao-de-historia-ftd-1o-ano-ao-5o-ano","status":"publish","type":"post","link":"https:\/\/redebeneditina.org.br\/pioxi\/contacao-de-historia-ftd-1o-ano-ao-5o-ano\/","title":{"rendered":"Conta\u00e7\u00e3o de Hist\u00f3ria FTD &#8211; 1\u00ba ano ao 5\u00ba ano"},"content":{"rendered":"<p>Promovendo o desenvolvimento cognitivo e social dos nossos alunos e melhorando suas capacidades de comunica\u00e7\u00e3o, nossos alunos da Educa\u00e7\u00e3o Infantil ao 5\u00b0 ano participaram da conta\u00e7\u00e3o de hist\u00f3ria em parceria com a FTD.<\/p>\n<p>Diferente da leitura comum, a conta\u00e7\u00e3o de hist\u00f3rias permite improviso e intera\u00e7\u00e3o com o ouvinte, o que torna tudo muito mais envolvente e prazeroso.<\/p>\nngg_shortcode_0_placeholder\n","protected":false},"excerpt":{"rendered":"<p>Promovendo o desenvolvimento cognitivo e social dos nossos alunos e melhorando suas capacidades de comunica\u00e7\u00e3o, nossos alunos da Educa\u00e7\u00e3o Infantil ao 5\u00b0 ano participaram da conta\u00e7\u00e3o de hist\u00f3ria em parceria com a FTD. Diferente da leitura comum, a conta\u00e7\u00e3o de hist\u00f3rias permite improviso e intera\u00e7\u00e3o com o ouvinte, o que torna tudo muito mais envolvente&#8230;<\/p>\n","protected":false},"author":4,"featured_media":25180,"comment_status":"closed","ping_status":"closed","sticky":false,"template":"","format":"standard","meta":{"_monsterinsights_skip_tracking":false,"_monsterinsights_sitenote_active":false,"_monsterinsights_sitenote_note":"","_monsterinsights_sitenote_category":0,"ngg_post_thumbnail":0,"footnotes":""},"categories":[106,89,82],"tags":[],"class_list":["post-25136","post","type-post","status-publish","format-standard","has-post-thumbnail","hentry","category-noticia-ano-2024","category-ens-fund_i","category-noticias"],"_links":{"self":[{"href":"https:\/\/redebeneditina.org.br\/pioxi\/wp-json\/wp\/v2\/posts\/25136","targetHints":{"allow":["GET"]}}],"collection":[{"href":"https:\/\/redebeneditina.org.br\/pioxi\/wp-json\/wp\/v2\/posts"}],"about":[{"href":"https:\/\/redebeneditina.org.br\/pioxi\/wp-json\/wp\/v2\/types\/post"}],"author":[{"embeddable":true,"href":"https:\/\/redebeneditina.org.br\/pioxi\/wp-json\/wp\/v2\/users\/4"}],"replies":[{"embeddable":true,"href":"https:\/\/redebeneditina.org.br\/pioxi\/wp-json\/wp\/v2\/comments?post=25136"}],"version-history":[{"count":0,"href":"https:\/\/redebeneditina.org.br\/pioxi\/wp-json\/wp\/v2\/posts\/25136\/revisions"}],"wp:featuredmedia":[{"embeddable":true,"href":"https:\/\/redebeneditina.org.br\/pioxi\/wp-json\/wp\/v2\/media\/25180"}],"wp:attachment":[{"href":"https:\/\/redebeneditina.org.br\/pioxi\/wp-json\/wp\/v2\/media?parent=25136"}],"wp:term":[{"taxonomy":"category","embeddable":true,"href":"https:\/\/redebeneditina.org.br\/pioxi\/wp-json\/wp\/v2\/categories?post=25136"},{"taxonomy":"post_tag","embeddable":true,"href":"https:\/\/redebeneditina.org.br\/pioxi\/wp-json\/wp\/v2\/tags?post=25136"}],"curies":[{"name":"wp","href":"https:\/\/api.w.org\/{rel}","templated":true}]}}