{"id":25194,"date":"2024-11-06T18:02:39","date_gmt":"2024-11-06T21:02:39","guid":{"rendered":"https:\/\/redebeneditina.org.br\/pioxi\/?p=25194"},"modified":"2024-11-06T18:02:39","modified_gmt":"2024-11-06T21:02:39","slug":"maquina-da-adicao-pre-1","status":"publish","type":"post","link":"https:\/\/redebeneditina.org.br\/pioxi\/maquina-da-adicao-pre-1\/","title":{"rendered":"M\u00e1quina da adi\u00e7\u00e3o &#8211; Pr\u00e9 1"},"content":{"rendered":"<p>Os alunos do Pr\u00e9 1, orientados pela professora Gabriella, transformaram-se em cientistas e criaram uma m\u00e1quina da adi\u00e7\u00e3o.<\/p>\n<p>Na sala de Matem\u00e1tica, a turma realizou pequenas opera\u00e7\u00f5es matem\u00e1ticas de adi\u00e7\u00e3o com muita aten\u00e7\u00e3o e entusiasmo.<\/p>\n<p>A cada dia, 05 alunos ser\u00e3o escolhidos para levar para casa a maleta &#8220;brincando com as opera\u00e7\u00f5es matem\u00e1ticas&#8221; para realizarem as continhas com as fam\u00edlias e brincar com o tabuleiro da adi\u00e7\u00e3o.<\/p>\n<p>Bom jogos e estudos!<\/p>\nngg_shortcode_0_placeholder\n","protected":false},"excerpt":{"rendered":"<p>Os alunos do Pr\u00e9 1, orientados pela professora Gabriella, transformaram-se em cientistas e criaram uma m\u00e1quina da adi\u00e7\u00e3o. Na sala de Matem\u00e1tica, a turma realizou pequenas opera\u00e7\u00f5es matem\u00e1ticas de adi\u00e7\u00e3o com muita aten\u00e7\u00e3o e entusiasmo. A cada dia, 05 alunos ser\u00e3o escolhidos para levar para casa a maleta &#8220;brincando com as opera\u00e7\u00f5es matem\u00e1ticas&#8221; para realizarem&#8230;<\/p>\n","protected":false},"author":4,"featured_media":25206,"comment_status":"closed","ping_status":"closed","sticky":false,"template":"","format":"standard","meta":{"_monsterinsights_skip_tracking":false,"_monsterinsights_sitenote_active":false,"_monsterinsights_sitenote_note":"","_monsterinsights_sitenote_category":0,"ngg_post_thumbnail":0,"footnotes":""},"categories":[106,88,82],"tags":[],"class_list":["post-25194","post","type-post","status-publish","format-standard","has-post-thumbnail","hentry","category-noticia-ano-2024","category-ed-infantil","category-noticias"],"_links":{"self":[{"href":"https:\/\/redebeneditina.org.br\/pioxi\/wp-json\/wp\/v2\/posts\/25194","targetHints":{"allow":["GET"]}}],"collection":[{"href":"https:\/\/redebeneditina.org.br\/pioxi\/wp-json\/wp\/v2\/posts"}],"about":[{"href":"https:\/\/redebeneditina.org.br\/pioxi\/wp-json\/wp\/v2\/types\/post"}],"author":[{"embeddable":true,"href":"https:\/\/redebeneditina.org.br\/pioxi\/wp-json\/wp\/v2\/users\/4"}],"replies":[{"embeddable":true,"href":"https:\/\/redebeneditina.org.br\/pioxi\/wp-json\/wp\/v2\/comments?post=25194"}],"version-history":[{"count":0,"href":"https:\/\/redebeneditina.org.br\/pioxi\/wp-json\/wp\/v2\/posts\/25194\/revisions"}],"wp:featuredmedia":[{"embeddable":true,"href":"https:\/\/redebeneditina.org.br\/pioxi\/wp-json\/wp\/v2\/media\/25206"}],"wp:attachment":[{"href":"https:\/\/redebeneditina.org.br\/pioxi\/wp-json\/wp\/v2\/media?parent=25194"}],"wp:term":[{"taxonomy":"category","embeddable":true,"href":"https:\/\/redebeneditina.org.br\/pioxi\/wp-json\/wp\/v2\/categories?post=25194"},{"taxonomy":"post_tag","embeddable":true,"href":"https:\/\/redebeneditina.org.br\/pioxi\/wp-json\/wp\/v2\/tags?post=25194"}],"curies":[{"name":"wp","href":"https:\/\/api.w.org\/{rel}","templated":true}]}}