{"id":25208,"date":"2024-11-06T18:05:48","date_gmt":"2024-11-06T21:05:48","guid":{"rendered":"https:\/\/redebeneditina.org.br\/pioxi\/?p=25208"},"modified":"2024-11-06T18:09:38","modified_gmt":"2024-11-06T21:09:38","slug":"exposicao-de-artes-ed-infantil-ao-5o-ano","status":"publish","type":"post","link":"https:\/\/redebeneditina.org.br\/pioxi\/exposicao-de-artes-ed-infantil-ao-5o-ano\/","title":{"rendered":"Exposi\u00e7\u00e3o de Artes &#8211; Ed. Infantil ao 5\u00ba ano"},"content":{"rendered":"<p>O projeto &#8220;BRINCANDO DE ARTE NOS DIAS DE HOJE&#8221; tem como objetivo introduzir os alunos dos anos iniciais da educa\u00e7\u00e3o b\u00e1sica ao mundo vibrante da arte contempor\u00e2nea brasileira.<\/p>\n<p>Atrav\u00e9s da explora\u00e7\u00e3o das obras de seis renomados artistas brasileiros: Vick Muniz, Tarsila do Amaral, Beatriz Milhazes, Adriana Varej\u00e3o, J. Borges e Romero Britto.<\/p>\n<p>A arte \u00e9 um reflexo da cultura e dos valores de uma sociedade. Ao expor os alunos \u00e0 arte contempor\u00e2nea brasileira, pretendemos fomentar o apre\u00e7o pela rica tape\u00e7aria cultural do pa\u00eds e desenvolver um entendimento mais profundo da identidade nacional.<\/p>\nngg_shortcode_0_placeholder\n","protected":false},"excerpt":{"rendered":"<p>O projeto &#8220;BRINCANDO DE ARTE NOS DIAS DE HOJE&#8221; tem como objetivo introduzir os alunos dos anos iniciais da educa\u00e7\u00e3o b\u00e1sica ao mundo vibrante da arte contempor\u00e2nea brasileira. Atrav\u00e9s da explora\u00e7\u00e3o das obras de seis renomados artistas brasileiros: Vick Muniz, Tarsila do Amaral, Beatriz Milhazes, Adriana Varej\u00e3o, J. Borges e Romero Britto. A arte \u00e9&#8230;<\/p>\n","protected":false},"author":4,"featured_media":25308,"comment_status":"closed","ping_status":"closed","sticky":false,"template":"","format":"standard","meta":{"_monsterinsights_skip_tracking":false,"_monsterinsights_sitenote_active":false,"_monsterinsights_sitenote_note":"","_monsterinsights_sitenote_category":0,"ngg_post_thumbnail":0,"footnotes":""},"categories":[106,88,89,82],"tags":[],"class_list":["post-25208","post","type-post","status-publish","format-standard","has-post-thumbnail","hentry","category-noticia-ano-2024","category-ed-infantil","category-ens-fund_i","category-noticias"],"_links":{"self":[{"href":"https:\/\/redebeneditina.org.br\/pioxi\/wp-json\/wp\/v2\/posts\/25208","targetHints":{"allow":["GET"]}}],"collection":[{"href":"https:\/\/redebeneditina.org.br\/pioxi\/wp-json\/wp\/v2\/posts"}],"about":[{"href":"https:\/\/redebeneditina.org.br\/pioxi\/wp-json\/wp\/v2\/types\/post"}],"author":[{"embeddable":true,"href":"https:\/\/redebeneditina.org.br\/pioxi\/wp-json\/wp\/v2\/users\/4"}],"replies":[{"embeddable":true,"href":"https:\/\/redebeneditina.org.br\/pioxi\/wp-json\/wp\/v2\/comments?post=25208"}],"version-history":[{"count":0,"href":"https:\/\/redebeneditina.org.br\/pioxi\/wp-json\/wp\/v2\/posts\/25208\/revisions"}],"wp:featuredmedia":[{"embeddable":true,"href":"https:\/\/redebeneditina.org.br\/pioxi\/wp-json\/wp\/v2\/media\/25308"}],"wp:attachment":[{"href":"https:\/\/redebeneditina.org.br\/pioxi\/wp-json\/wp\/v2\/media?parent=25208"}],"wp:term":[{"taxonomy":"category","embeddable":true,"href":"https:\/\/redebeneditina.org.br\/pioxi\/wp-json\/wp\/v2\/categories?post=25208"},{"taxonomy":"post_tag","embeddable":true,"href":"https:\/\/redebeneditina.org.br\/pioxi\/wp-json\/wp\/v2\/tags?post=25208"}],"curies":[{"name":"wp","href":"https:\/\/api.w.org\/{rel}","templated":true}]}}