{"id":25310,"date":"2024-11-06T18:08:06","date_gmt":"2024-11-06T21:08:06","guid":{"rendered":"https:\/\/redebeneditina.org.br\/pioxi\/?p=25310"},"modified":"2024-11-06T18:17:37","modified_gmt":"2024-11-06T21:17:37","slug":"outubro-rosa-no-instituto-pio-xi","status":"publish","type":"post","link":"https:\/\/redebeneditina.org.br\/pioxi\/outubro-rosa-no-instituto-pio-xi\/","title":{"rendered":"Outubro Rosa no Instituto Pio XI"},"content":{"rendered":"<p>OUTUBRO ROSA NO INSTITUTO PIO XI: JUNTOS PELA PREVEN\u00c7\u00c3O DO C\u00c2NCER DE MAMA!!<\/p>\n<p>O Outubro Rosa foi um sucesso na nossa escola!<\/p>\n<p>Entregamos deliciosos bombons para as mulheres da nossa comunidade escolar, como um gesto de carinho e cuidado.<\/p>\n<p>Momentos inesquec\u00edveis: tiramos lindas fotos para registrar essa campanha t\u00e3o especial.<\/p>\nngg_shortcode_0_placeholder\n","protected":false},"excerpt":{"rendered":"<p>OUTUBRO ROSA NO INSTITUTO PIO XI: JUNTOS PELA PREVEN\u00c7\u00c3O DO C\u00c2NCER DE MAMA!! O Outubro Rosa foi um sucesso na nossa escola! Entregamos deliciosos bombons para as mulheres da nossa comunidade escolar, como um gesto de carinho e cuidado. Momentos inesquec\u00edveis: tiramos lindas fotos para registrar essa campanha t\u00e3o especial.<\/p>\n","protected":false},"author":4,"featured_media":25411,"comment_status":"closed","ping_status":"closed","sticky":false,"template":"","format":"standard","meta":{"_monsterinsights_skip_tracking":false,"_monsterinsights_sitenote_active":false,"_monsterinsights_sitenote_note":"","_monsterinsights_sitenote_category":0,"ngg_post_thumbnail":0,"footnotes":""},"categories":[106,88,89,90,91,82],"tags":[],"class_list":["post-25310","post","type-post","status-publish","format-standard","has-post-thumbnail","hentry","category-noticia-ano-2024","category-ed-infantil","category-ens-fund_i","category-ens-fund_ii","category-ens-medio","category-noticias"],"_links":{"self":[{"href":"https:\/\/redebeneditina.org.br\/pioxi\/wp-json\/wp\/v2\/posts\/25310","targetHints":{"allow":["GET"]}}],"collection":[{"href":"https:\/\/redebeneditina.org.br\/pioxi\/wp-json\/wp\/v2\/posts"}],"about":[{"href":"https:\/\/redebeneditina.org.br\/pioxi\/wp-json\/wp\/v2\/types\/post"}],"author":[{"embeddable":true,"href":"https:\/\/redebeneditina.org.br\/pioxi\/wp-json\/wp\/v2\/users\/4"}],"replies":[{"embeddable":true,"href":"https:\/\/redebeneditina.org.br\/pioxi\/wp-json\/wp\/v2\/comments?post=25310"}],"version-history":[{"count":0,"href":"https:\/\/redebeneditina.org.br\/pioxi\/wp-json\/wp\/v2\/posts\/25310\/revisions"}],"wp:featuredmedia":[{"embeddable":true,"href":"https:\/\/redebeneditina.org.br\/pioxi\/wp-json\/wp\/v2\/media\/25411"}],"wp:attachment":[{"href":"https:\/\/redebeneditina.org.br\/pioxi\/wp-json\/wp\/v2\/media?parent=25310"}],"wp:term":[{"taxonomy":"category","embeddable":true,"href":"https:\/\/redebeneditina.org.br\/pioxi\/wp-json\/wp\/v2\/categories?post=25310"},{"taxonomy":"post_tag","embeddable":true,"href":"https:\/\/redebeneditina.org.br\/pioxi\/wp-json\/wp\/v2\/tags?post=25310"}],"curies":[{"name":"wp","href":"https:\/\/api.w.org\/{rel}","templated":true}]}}