{"id":25413,"date":"2024-11-01T18:50:21","date_gmt":"2024-11-01T21:50:21","guid":{"rendered":"https:\/\/redebeneditina.org.br\/pioxi\/?p=25413"},"modified":"2024-11-06T18:56:20","modified_gmt":"2024-11-06T21:56:20","slug":"geografia-6o-ano","status":"publish","type":"post","link":"https:\/\/redebeneditina.org.br\/pioxi\/geografia-6o-ano\/","title":{"rendered":"Geografia &#8211; 6\u00ba ano"},"content":{"rendered":"<p>No Instituto Pio XI, o futuro da educa\u00e7\u00e3o se constr\u00f3i sobre base s\u00f3lida. Valorizamos o ensino tradicional, mas reconhecemos as vantagens que a tecnologia pode oferecer quando utilizada com equil\u00edbrio.<\/p>\n<p>Diante deste cen\u00e1rio, os alunos do EF6, orientados pela professora Ta\u00edse, de Geografia, vivenciaram uma aula diferente. Para trabalhar o tema: Hidrografia &#8211; \u00e1guas continentais e \u00e1guas oce\u00e2nicas, os alunos utilizaram um \u00f3culos de realidade 3D.<\/p>\n<p>Juntos, inova\u00e7\u00e3o e tradi\u00e7\u00e3o caminham lado a lado para uma educa\u00e7\u00e3o de excel\u00eancia.<\/p>\n<p>Confira o v\u00eddeo no nosso Instagram: <a href=\"https:\/\/www.instagram.com\/p\/DB1vLcoxJz8\/\">https:\/\/www.instagram.com\/p\/DB1vLcoxJz8\/<\/a><\/p>\n<p>&nbsp;<\/p>\n","protected":false},"excerpt":{"rendered":"<p>No Instituto Pio XI, o futuro da educa\u00e7\u00e3o se constr\u00f3i sobre base s\u00f3lida. Valorizamos o ensino tradicional, mas reconhecemos as vantagens que a tecnologia pode oferecer quando utilizada com equil\u00edbrio. Diante deste cen\u00e1rio, os alunos do EF6, orientados pela professora Ta\u00edse, de Geografia, vivenciaram uma aula diferente. Para trabalhar o tema: Hidrografia &#8211; \u00e1guas continentais&#8230;<\/p>\n","protected":false},"author":4,"featured_media":25414,"comment_status":"closed","ping_status":"closed","sticky":false,"template":"","format":"standard","meta":{"_monsterinsights_skip_tracking":false,"_monsterinsights_sitenote_active":false,"_monsterinsights_sitenote_note":"","_monsterinsights_sitenote_category":0,"ngg_post_thumbnail":0,"footnotes":""},"categories":[106,90,82],"tags":[],"class_list":["post-25413","post","type-post","status-publish","format-standard","has-post-thumbnail","hentry","category-noticia-ano-2024","category-ens-fund_ii","category-noticias"],"_links":{"self":[{"href":"https:\/\/redebeneditina.org.br\/pioxi\/wp-json\/wp\/v2\/posts\/25413","targetHints":{"allow":["GET"]}}],"collection":[{"href":"https:\/\/redebeneditina.org.br\/pioxi\/wp-json\/wp\/v2\/posts"}],"about":[{"href":"https:\/\/redebeneditina.org.br\/pioxi\/wp-json\/wp\/v2\/types\/post"}],"author":[{"embeddable":true,"href":"https:\/\/redebeneditina.org.br\/pioxi\/wp-json\/wp\/v2\/users\/4"}],"replies":[{"embeddable":true,"href":"https:\/\/redebeneditina.org.br\/pioxi\/wp-json\/wp\/v2\/comments?post=25413"}],"version-history":[{"count":0,"href":"https:\/\/redebeneditina.org.br\/pioxi\/wp-json\/wp\/v2\/posts\/25413\/revisions"}],"wp:featuredmedia":[{"embeddable":true,"href":"https:\/\/redebeneditina.org.br\/pioxi\/wp-json\/wp\/v2\/media\/25414"}],"wp:attachment":[{"href":"https:\/\/redebeneditina.org.br\/pioxi\/wp-json\/wp\/v2\/media?parent=25413"}],"wp:term":[{"taxonomy":"category","embeddable":true,"href":"https:\/\/redebeneditina.org.br\/pioxi\/wp-json\/wp\/v2\/categories?post=25413"},{"taxonomy":"post_tag","embeddable":true,"href":"https:\/\/redebeneditina.org.br\/pioxi\/wp-json\/wp\/v2\/tags?post=25413"}],"curies":[{"name":"wp","href":"https:\/\/api.w.org\/{rel}","templated":true}]}}