{"id":25425,"date":"2024-11-03T18:59:05","date_gmt":"2024-11-03T21:59:05","guid":{"rendered":"https:\/\/redebeneditina.org.br\/pioxi\/?p=25425"},"modified":"2024-11-06T19:00:00","modified_gmt":"2024-11-06T22:00:00","slug":"aulas-especiais-para-o-enem","status":"publish","type":"post","link":"https:\/\/redebeneditina.org.br\/pioxi\/aulas-especiais-para-o-enem\/","title":{"rendered":"Aulas especiais para o ENEM"},"content":{"rendered":"<p>Durante a \u00faltima semana, nossos alunos do NE3 tiveram aulas especiais em v\u00e1rias disciplinas e receberam um kit pensado para apoi\u00e1-los nesse momento t\u00e3o importante.<\/p>\n<p>Estamos orgulhosos e temos certeza de que far\u00e3o uma excelente prova do ENEM.<\/p>\n","protected":false},"excerpt":{"rendered":"<p>Durante a \u00faltima semana, nossos alunos do NE3 tiveram aulas especiais em v\u00e1rias disciplinas e receberam um kit pensado para apoi\u00e1-los nesse momento t\u00e3o importante. Estamos orgulhosos e temos certeza de que far\u00e3o uma excelente prova do ENEM.<\/p>\n","protected":false},"author":4,"featured_media":25426,"comment_status":"closed","ping_status":"closed","sticky":false,"template":"","format":"standard","meta":{"_monsterinsights_skip_tracking":false,"_monsterinsights_sitenote_active":false,"_monsterinsights_sitenote_note":"","_monsterinsights_sitenote_category":0,"ngg_post_thumbnail":0,"footnotes":""},"categories":[106,91,82],"tags":[],"class_list":["post-25425","post","type-post","status-publish","format-standard","has-post-thumbnail","hentry","category-noticia-ano-2024","category-ens-medio","category-noticias"],"_links":{"self":[{"href":"https:\/\/redebeneditina.org.br\/pioxi\/wp-json\/wp\/v2\/posts\/25425","targetHints":{"allow":["GET"]}}],"collection":[{"href":"https:\/\/redebeneditina.org.br\/pioxi\/wp-json\/wp\/v2\/posts"}],"about":[{"href":"https:\/\/redebeneditina.org.br\/pioxi\/wp-json\/wp\/v2\/types\/post"}],"author":[{"embeddable":true,"href":"https:\/\/redebeneditina.org.br\/pioxi\/wp-json\/wp\/v2\/users\/4"}],"replies":[{"embeddable":true,"href":"https:\/\/redebeneditina.org.br\/pioxi\/wp-json\/wp\/v2\/comments?post=25425"}],"version-history":[{"count":0,"href":"https:\/\/redebeneditina.org.br\/pioxi\/wp-json\/wp\/v2\/posts\/25425\/revisions"}],"wp:featuredmedia":[{"embeddable":true,"href":"https:\/\/redebeneditina.org.br\/pioxi\/wp-json\/wp\/v2\/media\/25426"}],"wp:attachment":[{"href":"https:\/\/redebeneditina.org.br\/pioxi\/wp-json\/wp\/v2\/media?parent=25425"}],"wp:term":[{"taxonomy":"category","embeddable":true,"href":"https:\/\/redebeneditina.org.br\/pioxi\/wp-json\/wp\/v2\/categories?post=25425"},{"taxonomy":"post_tag","embeddable":true,"href":"https:\/\/redebeneditina.org.br\/pioxi\/wp-json\/wp\/v2\/tags?post=25425"}],"curies":[{"name":"wp","href":"https:\/\/api.w.org\/{rel}","templated":true}]}}