{"id":25435,"date":"2024-11-08T14:19:10","date_gmt":"2024-11-08T17:19:10","guid":{"rendered":"https:\/\/redebeneditina.org.br\/pioxi\/?p=25435"},"modified":"2024-11-08T14:19:10","modified_gmt":"2024-11-08T17:19:10","slug":"brincando-e-aprendendo-com-a-sombra-maternal-2","status":"publish","type":"post","link":"https:\/\/redebeneditina.org.br\/pioxi\/brincando-e-aprendendo-com-a-sombra-maternal-2\/","title":{"rendered":"Brincando e aprendendo com a sombra &#8211; Maternal 2"},"content":{"rendered":"<p>A turma do maternal 2, orientada pela professora Carla, explorou diversas formas de brincar com a sombra, desenvolvendo a imagina\u00e7\u00e3o, concentra\u00e7\u00e3o, &nbsp;conceitos matem\u00e1ticos.<\/p>\n<p>As crian\u00e7as ficaram encantadas ao perceber que a sobra \u00e9 feita por um obst\u00e1culo que bloqueia a luz formando uma regi\u00e3o escura, na qual elas podiam se divertir e criar muitas aventuras.<\/p>\nngg_shortcode_0_placeholder\n","protected":false},"excerpt":{"rendered":"<p>A turma do maternal 2, orientada pela professora Carla, explorou diversas formas de brincar com a sombra, desenvolvendo a imagina\u00e7\u00e3o, concentra\u00e7\u00e3o, &nbsp;conceitos matem\u00e1ticos. As crian\u00e7as ficaram encantadas ao perceber que a sobra \u00e9 feita por um obst\u00e1culo que bloqueia a luz formando uma regi\u00e3o escura, na qual elas podiam se divertir e criar muitas aventuras.&#8230;<\/p>\n","protected":false},"author":4,"featured_media":25447,"comment_status":"closed","ping_status":"closed","sticky":false,"template":"","format":"standard","meta":{"_monsterinsights_skip_tracking":false,"_monsterinsights_sitenote_active":false,"_monsterinsights_sitenote_note":"","_monsterinsights_sitenote_category":0,"ngg_post_thumbnail":0,"footnotes":""},"categories":[106,88,82],"tags":[],"class_list":["post-25435","post","type-post","status-publish","format-standard","has-post-thumbnail","hentry","category-noticia-ano-2024","category-ed-infantil","category-noticias"],"_links":{"self":[{"href":"https:\/\/redebeneditina.org.br\/pioxi\/wp-json\/wp\/v2\/posts\/25435","targetHints":{"allow":["GET"]}}],"collection":[{"href":"https:\/\/redebeneditina.org.br\/pioxi\/wp-json\/wp\/v2\/posts"}],"about":[{"href":"https:\/\/redebeneditina.org.br\/pioxi\/wp-json\/wp\/v2\/types\/post"}],"author":[{"embeddable":true,"href":"https:\/\/redebeneditina.org.br\/pioxi\/wp-json\/wp\/v2\/users\/4"}],"replies":[{"embeddable":true,"href":"https:\/\/redebeneditina.org.br\/pioxi\/wp-json\/wp\/v2\/comments?post=25435"}],"version-history":[{"count":0,"href":"https:\/\/redebeneditina.org.br\/pioxi\/wp-json\/wp\/v2\/posts\/25435\/revisions"}],"wp:featuredmedia":[{"embeddable":true,"href":"https:\/\/redebeneditina.org.br\/pioxi\/wp-json\/wp\/v2\/media\/25447"}],"wp:attachment":[{"href":"https:\/\/redebeneditina.org.br\/pioxi\/wp-json\/wp\/v2\/media?parent=25435"}],"wp:term":[{"taxonomy":"category","embeddable":true,"href":"https:\/\/redebeneditina.org.br\/pioxi\/wp-json\/wp\/v2\/categories?post=25435"},{"taxonomy":"post_tag","embeddable":true,"href":"https:\/\/redebeneditina.org.br\/pioxi\/wp-json\/wp\/v2\/tags?post=25435"}],"curies":[{"name":"wp","href":"https:\/\/api.w.org\/{rel}","templated":true}]}}