{"id":25449,"date":"2024-11-08T14:21:02","date_gmt":"2024-11-08T17:21:02","guid":{"rendered":"https:\/\/redebeneditina.org.br\/pioxi\/?p=25449"},"modified":"2024-11-08T14:21:02","modified_gmt":"2024-11-08T17:21:02","slug":"robo-da-leitura-pre-2","status":"publish","type":"post","link":"https:\/\/redebeneditina.org.br\/pioxi\/robo-da-leitura-pre-2\/","title":{"rendered":"Rob\u00f4 da leitura &#8211; Pr\u00e9 2"},"content":{"rendered":"<p>A turma do Pr\u00e9 2, orientada pela professora Luciane, confeccionou um &nbsp;lindo rob\u00f4 da leitura, atrav\u00e9s dessa atividade l\u00fadica as crian\u00e7as fizeram a leitura de palavras simples e despertaram para o encantador mundo da leitura e da escrita.<\/p>\n<p>Essa turma encantadora arrasou na realiza\u00e7\u00e3o da atividade.<\/p>\nngg_shortcode_0_placeholder\n","protected":false},"excerpt":{"rendered":"<p>A turma do Pr\u00e9 2, orientada pela professora Luciane, confeccionou um &nbsp;lindo rob\u00f4 da leitura, atrav\u00e9s dessa atividade l\u00fadica as crian\u00e7as fizeram a leitura de palavras simples e despertaram para o encantador mundo da leitura e da escrita. Essa turma encantadora arrasou na realiza\u00e7\u00e3o da atividade. &nbsp;<\/p>\n","protected":false},"author":4,"featured_media":25456,"comment_status":"closed","ping_status":"closed","sticky":false,"template":"","format":"standard","meta":{"_monsterinsights_skip_tracking":false,"_monsterinsights_sitenote_active":false,"_monsterinsights_sitenote_note":"","_monsterinsights_sitenote_category":0,"ngg_post_thumbnail":0,"footnotes":""},"categories":[106,88,82],"tags":[],"class_list":["post-25449","post","type-post","status-publish","format-standard","has-post-thumbnail","hentry","category-noticia-ano-2024","category-ed-infantil","category-noticias"],"_links":{"self":[{"href":"https:\/\/redebeneditina.org.br\/pioxi\/wp-json\/wp\/v2\/posts\/25449","targetHints":{"allow":["GET"]}}],"collection":[{"href":"https:\/\/redebeneditina.org.br\/pioxi\/wp-json\/wp\/v2\/posts"}],"about":[{"href":"https:\/\/redebeneditina.org.br\/pioxi\/wp-json\/wp\/v2\/types\/post"}],"author":[{"embeddable":true,"href":"https:\/\/redebeneditina.org.br\/pioxi\/wp-json\/wp\/v2\/users\/4"}],"replies":[{"embeddable":true,"href":"https:\/\/redebeneditina.org.br\/pioxi\/wp-json\/wp\/v2\/comments?post=25449"}],"version-history":[{"count":0,"href":"https:\/\/redebeneditina.org.br\/pioxi\/wp-json\/wp\/v2\/posts\/25449\/revisions"}],"wp:featuredmedia":[{"embeddable":true,"href":"https:\/\/redebeneditina.org.br\/pioxi\/wp-json\/wp\/v2\/media\/25456"}],"wp:attachment":[{"href":"https:\/\/redebeneditina.org.br\/pioxi\/wp-json\/wp\/v2\/media?parent=25449"}],"wp:term":[{"taxonomy":"category","embeddable":true,"href":"https:\/\/redebeneditina.org.br\/pioxi\/wp-json\/wp\/v2\/categories?post=25449"},{"taxonomy":"post_tag","embeddable":true,"href":"https:\/\/redebeneditina.org.br\/pioxi\/wp-json\/wp\/v2\/tags?post=25449"}],"curies":[{"name":"wp","href":"https:\/\/api.w.org\/{rel}","templated":true}]}}