{"id":25484,"date":"2024-11-08T14:28:33","date_gmt":"2024-11-08T17:28:33","guid":{"rendered":"https:\/\/redebeneditina.org.br\/pioxi\/?p=25484"},"modified":"2024-11-08T14:28:33","modified_gmt":"2024-11-08T17:28:33","slug":"simulacao-diplomatica-da-onu-ensino-medio","status":"publish","type":"post","link":"https:\/\/redebeneditina.org.br\/pioxi\/simulacao-diplomatica-da-onu-ensino-medio\/","title":{"rendered":"Simula\u00e7\u00e3o diplom\u00e1tica da ONU &#8211; Ensino M\u00e9dio"},"content":{"rendered":"<p>No dia 7 de novembro, o Instituto Pio XI promoveu uma simula\u00e7\u00e3o diplom\u00e1tica da ONU sobre a crise entre Israel e Ir\u00e3, como parte das atividades de aprendizado das Trilhas do Novo Ensino M\u00e9dio, com alunos da 1\u00aa s\u00e9rie.<\/p>\n<p>O evento foi organizado pelos professores Eduardo e Waleska e contou com a participa\u00e7\u00e3o especial dos professores Renan, de geografia, e F\u00e1tima, de hist\u00f3ria.<\/p>\n<p>Esta foi a terceira edi\u00e7\u00e3o desse projeto interativo que possui o objetivo de aproximar os estudantes das din\u00e2micas e desafios da diplomacia internacional, preparando-os para lidar com as quest\u00f5es globais contempor\u00e2neas.<\/p>\nngg_shortcode_0_placeholder\n","protected":false},"excerpt":{"rendered":"<p>No dia 7 de novembro, o Instituto Pio XI promoveu uma simula\u00e7\u00e3o diplom\u00e1tica da ONU sobre a crise entre Israel e Ir\u00e3, como parte das atividades de aprendizado das Trilhas do Novo Ensino M\u00e9dio, com alunos da 1\u00aa s\u00e9rie. O evento foi organizado pelos professores Eduardo e Waleska e contou com a participa\u00e7\u00e3o especial dos&#8230;<\/p>\n","protected":false},"author":4,"featured_media":25513,"comment_status":"closed","ping_status":"closed","sticky":false,"template":"","format":"standard","meta":{"_monsterinsights_skip_tracking":false,"_monsterinsights_sitenote_active":false,"_monsterinsights_sitenote_note":"","_monsterinsights_sitenote_category":0,"ngg_post_thumbnail":0,"footnotes":""},"categories":[106,91,82],"tags":[],"class_list":["post-25484","post","type-post","status-publish","format-standard","has-post-thumbnail","hentry","category-noticia-ano-2024","category-ens-medio","category-noticias"],"_links":{"self":[{"href":"https:\/\/redebeneditina.org.br\/pioxi\/wp-json\/wp\/v2\/posts\/25484","targetHints":{"allow":["GET"]}}],"collection":[{"href":"https:\/\/redebeneditina.org.br\/pioxi\/wp-json\/wp\/v2\/posts"}],"about":[{"href":"https:\/\/redebeneditina.org.br\/pioxi\/wp-json\/wp\/v2\/types\/post"}],"author":[{"embeddable":true,"href":"https:\/\/redebeneditina.org.br\/pioxi\/wp-json\/wp\/v2\/users\/4"}],"replies":[{"embeddable":true,"href":"https:\/\/redebeneditina.org.br\/pioxi\/wp-json\/wp\/v2\/comments?post=25484"}],"version-history":[{"count":0,"href":"https:\/\/redebeneditina.org.br\/pioxi\/wp-json\/wp\/v2\/posts\/25484\/revisions"}],"wp:featuredmedia":[{"embeddable":true,"href":"https:\/\/redebeneditina.org.br\/pioxi\/wp-json\/wp\/v2\/media\/25513"}],"wp:attachment":[{"href":"https:\/\/redebeneditina.org.br\/pioxi\/wp-json\/wp\/v2\/media?parent=25484"}],"wp:term":[{"taxonomy":"category","embeddable":true,"href":"https:\/\/redebeneditina.org.br\/pioxi\/wp-json\/wp\/v2\/categories?post=25484"},{"taxonomy":"post_tag","embeddable":true,"href":"https:\/\/redebeneditina.org.br\/pioxi\/wp-json\/wp\/v2\/tags?post=25484"}],"curies":[{"name":"wp","href":"https:\/\/api.w.org\/{rel}","templated":true}]}}