{"id":25515,"date":"2024-11-14T15:41:14","date_gmt":"2024-11-14T18:41:14","guid":{"rendered":"https:\/\/redebeneditina.org.br\/pioxi\/?p=25515"},"modified":"2024-11-14T15:45:41","modified_gmt":"2024-11-14T18:45:41","slug":"premiacao-pela-participacao-na-16a-edicao-da-onhb-9o-ano-ao-ensino-medio","status":"publish","type":"post","link":"https:\/\/redebeneditina.org.br\/pioxi\/premiacao-pela-participacao-na-16a-edicao-da-onhb-9o-ano-ao-ensino-medio\/","title":{"rendered":"Premia\u00e7\u00e3o pela participa\u00e7\u00e3o na 16\u00aa edi\u00e7\u00e3o da ONHB &#8211; 9\u00ba ano ao Ensino M\u00e9dio"},"content":{"rendered":"<p>Nossos alunos do EF9 ao NEM receberam, da equipe de Hist\u00f3ria, a premia\u00e7\u00e3o pela participa\u00e7\u00e3o na 16\u00aa edi\u00e7\u00e3o da ONHB &#8211; Olimp\u00edada Nacional de Hist\u00f3ria do Brasil.<\/p>\n<p>Parab\u00e9ns!<\/p>\nngg_shortcode_0_placeholder\n","protected":false},"excerpt":{"rendered":"<p>Nossos alunos do EF9 ao NEM receberam, da equipe de Hist\u00f3ria, a premia\u00e7\u00e3o pela participa\u00e7\u00e3o na 16\u00aa edi\u00e7\u00e3o da ONHB &#8211; Olimp\u00edada Nacional de Hist\u00f3ria do Brasil. Parab\u00e9ns!<\/p>\n","protected":false},"author":4,"featured_media":25538,"comment_status":"closed","ping_status":"closed","sticky":false,"template":"","format":"standard","meta":{"_monsterinsights_skip_tracking":false,"_monsterinsights_sitenote_active":false,"_monsterinsights_sitenote_note":"","_monsterinsights_sitenote_category":0,"ngg_post_thumbnail":0,"footnotes":""},"categories":[106,90,91,82],"tags":[],"class_list":["post-25515","post","type-post","status-publish","format-standard","has-post-thumbnail","hentry","category-noticia-ano-2024","category-ens-fund_ii","category-ens-medio","category-noticias"],"_links":{"self":[{"href":"https:\/\/redebeneditina.org.br\/pioxi\/wp-json\/wp\/v2\/posts\/25515","targetHints":{"allow":["GET"]}}],"collection":[{"href":"https:\/\/redebeneditina.org.br\/pioxi\/wp-json\/wp\/v2\/posts"}],"about":[{"href":"https:\/\/redebeneditina.org.br\/pioxi\/wp-json\/wp\/v2\/types\/post"}],"author":[{"embeddable":true,"href":"https:\/\/redebeneditina.org.br\/pioxi\/wp-json\/wp\/v2\/users\/4"}],"replies":[{"embeddable":true,"href":"https:\/\/redebeneditina.org.br\/pioxi\/wp-json\/wp\/v2\/comments?post=25515"}],"version-history":[{"count":0,"href":"https:\/\/redebeneditina.org.br\/pioxi\/wp-json\/wp\/v2\/posts\/25515\/revisions"}],"wp:featuredmedia":[{"embeddable":true,"href":"https:\/\/redebeneditina.org.br\/pioxi\/wp-json\/wp\/v2\/media\/25538"}],"wp:attachment":[{"href":"https:\/\/redebeneditina.org.br\/pioxi\/wp-json\/wp\/v2\/media?parent=25515"}],"wp:term":[{"taxonomy":"category","embeddable":true,"href":"https:\/\/redebeneditina.org.br\/pioxi\/wp-json\/wp\/v2\/categories?post=25515"},{"taxonomy":"post_tag","embeddable":true,"href":"https:\/\/redebeneditina.org.br\/pioxi\/wp-json\/wp\/v2\/tags?post=25515"}],"curies":[{"name":"wp","href":"https:\/\/api.w.org\/{rel}","templated":true}]}}