{"id":25544,"date":"2024-11-25T18:07:39","date_gmt":"2024-11-25T21:07:39","guid":{"rendered":"https:\/\/redebeneditina.org.br\/pioxi\/?p=25544"},"modified":"2024-11-26T18:09:45","modified_gmt":"2024-11-26T21:09:45","slug":"dia-da-bandeira-1o-ano","status":"publish","type":"post","link":"https:\/\/redebeneditina.org.br\/pioxi\/dia-da-bandeira-1o-ano\/","title":{"rendered":"Dia da Bandeira &#8211; 1\u00ba ano"},"content":{"rendered":"<p>As turmas da Educa\u00e7\u00e3o Infantil e 1\u00ba Ano tiveram uma experi\u00eancia rica e educativa ao aprenderem sobre a import\u00e2ncia da nossa bandeira.<\/p>\n<p>Durante as aulas, as crian\u00e7as descobriram os s\u00edmbolos, as cores e o significado que representam nossa p\u00e1tria.<\/p>\n<p>Para tornar o aprendizado ainda mais significativo, elas confeccionaram suas pr\u00f3prias bandeiras, explorando a criatividade e a colabora\u00e7\u00e3o.<\/p>\n<p>Esse momento ajudou os pequenos a entenderem o valor dos s\u00edmbolos nacionais, promovendo o respeito e a valoriza\u00e7\u00e3o da nossa cultura.<\/p>\nngg_shortcode_0_placeholder\n","protected":false},"excerpt":{"rendered":"<p>As turmas da Educa\u00e7\u00e3o Infantil e 1\u00ba Ano tiveram uma experi\u00eancia rica e educativa ao aprenderem sobre a import\u00e2ncia da nossa bandeira. Durante as aulas, as crian\u00e7as descobriram os s\u00edmbolos, as cores e o significado que representam nossa p\u00e1tria. Para tornar o aprendizado ainda mais significativo, elas confeccionaram suas pr\u00f3prias bandeiras, explorando a criatividade e&#8230;<\/p>\n","protected":false},"author":4,"featured_media":25555,"comment_status":"closed","ping_status":"closed","sticky":false,"template":"","format":"standard","meta":{"_monsterinsights_skip_tracking":false,"_monsterinsights_sitenote_active":false,"_monsterinsights_sitenote_note":"","_monsterinsights_sitenote_category":0,"ngg_post_thumbnail":0,"footnotes":""},"categories":[106,89,82],"tags":[],"class_list":["post-25544","post","type-post","status-publish","format-standard","has-post-thumbnail","hentry","category-noticia-ano-2024","category-ens-fund_i","category-noticias"],"_links":{"self":[{"href":"https:\/\/redebeneditina.org.br\/pioxi\/wp-json\/wp\/v2\/posts\/25544","targetHints":{"allow":["GET"]}}],"collection":[{"href":"https:\/\/redebeneditina.org.br\/pioxi\/wp-json\/wp\/v2\/posts"}],"about":[{"href":"https:\/\/redebeneditina.org.br\/pioxi\/wp-json\/wp\/v2\/types\/post"}],"author":[{"embeddable":true,"href":"https:\/\/redebeneditina.org.br\/pioxi\/wp-json\/wp\/v2\/users\/4"}],"replies":[{"embeddable":true,"href":"https:\/\/redebeneditina.org.br\/pioxi\/wp-json\/wp\/v2\/comments?post=25544"}],"version-history":[{"count":0,"href":"https:\/\/redebeneditina.org.br\/pioxi\/wp-json\/wp\/v2\/posts\/25544\/revisions"}],"wp:featuredmedia":[{"embeddable":true,"href":"https:\/\/redebeneditina.org.br\/pioxi\/wp-json\/wp\/v2\/media\/25555"}],"wp:attachment":[{"href":"https:\/\/redebeneditina.org.br\/pioxi\/wp-json\/wp\/v2\/media?parent=25544"}],"wp:term":[{"taxonomy":"category","embeddable":true,"href":"https:\/\/redebeneditina.org.br\/pioxi\/wp-json\/wp\/v2\/categories?post=25544"},{"taxonomy":"post_tag","embeddable":true,"href":"https:\/\/redebeneditina.org.br\/pioxi\/wp-json\/wp\/v2\/tags?post=25544"}],"curies":[{"name":"wp","href":"https:\/\/api.w.org\/{rel}","templated":true}]}}