{"id":25557,"date":"2024-11-25T18:10:46","date_gmt":"2024-11-25T21:10:46","guid":{"rendered":"https:\/\/redebeneditina.org.br\/pioxi\/?p=25557"},"modified":"2024-11-26T18:12:11","modified_gmt":"2024-11-26T21:12:11","slug":"dia-da-consciencia-negra-5o-ano","status":"publish","type":"post","link":"https:\/\/redebeneditina.org.br\/pioxi\/dia-da-consciencia-negra-5o-ano\/","title":{"rendered":"Dia da Consci\u00eancia Negra &#8211; 5\u00ba Ano"},"content":{"rendered":"<p>Em celebra\u00e7\u00e3o ao Dia da Consci\u00eancia Negra, os alunos do 5\u00ba Ano B realizaram a elabora\u00e7\u00e3o de um cartaz coletivo abordando temas como intoler\u00e2ncia, desrespeito, viol\u00eancia e igualdade.<\/p>\n<p>A atividade buscou promover uma reflex\u00e3o profunda sobre os desafios enfrentados na luta contra o racismo e a import\u00e2ncia de construir uma sociedade mais justa e inclusiva.<\/p>\nngg_shortcode_0_placeholder\n","protected":false},"excerpt":{"rendered":"<p>Em celebra\u00e7\u00e3o ao Dia da Consci\u00eancia Negra, os alunos do 5\u00ba Ano B realizaram a elabora\u00e7\u00e3o de um cartaz coletivo abordando temas como intoler\u00e2ncia, desrespeito, viol\u00eancia e igualdade. A atividade buscou promover uma reflex\u00e3o profunda sobre os desafios enfrentados na luta contra o racismo e a import\u00e2ncia de construir uma sociedade mais justa e inclusiva.<\/p>\n","protected":false},"author":4,"featured_media":25568,"comment_status":"closed","ping_status":"closed","sticky":false,"template":"","format":"standard","meta":{"_monsterinsights_skip_tracking":false,"_monsterinsights_sitenote_active":false,"_monsterinsights_sitenote_note":"","_monsterinsights_sitenote_category":0,"ngg_post_thumbnail":0,"footnotes":""},"categories":[106,89,82],"tags":[],"class_list":["post-25557","post","type-post","status-publish","format-standard","has-post-thumbnail","hentry","category-noticia-ano-2024","category-ens-fund_i","category-noticias"],"_links":{"self":[{"href":"https:\/\/redebeneditina.org.br\/pioxi\/wp-json\/wp\/v2\/posts\/25557","targetHints":{"allow":["GET"]}}],"collection":[{"href":"https:\/\/redebeneditina.org.br\/pioxi\/wp-json\/wp\/v2\/posts"}],"about":[{"href":"https:\/\/redebeneditina.org.br\/pioxi\/wp-json\/wp\/v2\/types\/post"}],"author":[{"embeddable":true,"href":"https:\/\/redebeneditina.org.br\/pioxi\/wp-json\/wp\/v2\/users\/4"}],"replies":[{"embeddable":true,"href":"https:\/\/redebeneditina.org.br\/pioxi\/wp-json\/wp\/v2\/comments?post=25557"}],"version-history":[{"count":0,"href":"https:\/\/redebeneditina.org.br\/pioxi\/wp-json\/wp\/v2\/posts\/25557\/revisions"}],"wp:featuredmedia":[{"embeddable":true,"href":"https:\/\/redebeneditina.org.br\/pioxi\/wp-json\/wp\/v2\/media\/25568"}],"wp:attachment":[{"href":"https:\/\/redebeneditina.org.br\/pioxi\/wp-json\/wp\/v2\/media?parent=25557"}],"wp:term":[{"taxonomy":"category","embeddable":true,"href":"https:\/\/redebeneditina.org.br\/pioxi\/wp-json\/wp\/v2\/categories?post=25557"},{"taxonomy":"post_tag","embeddable":true,"href":"https:\/\/redebeneditina.org.br\/pioxi\/wp-json\/wp\/v2\/tags?post=25557"}],"curies":[{"name":"wp","href":"https:\/\/api.w.org\/{rel}","templated":true}]}}